{"id":3103,"date":"2017-09-28T13:41:05","date_gmt":"2017-09-28T16:41:05","guid":{"rendered":"https:\/\/hostnetart.com.br\/baixada\/contraf-cut-participa-de-encontro-de-trabalhadores-em-empresas-estatais-da-cut\/"},"modified":"2017-09-28T13:41:05","modified_gmt":"2017-09-28T16:41:05","slug":"contraf-cut-participa-de-encontro-de-trabalhadores-em-empresas-estatais-da-cut","status":"publish","type":"post","link":"https:\/\/hostnetart.com.br\/baixada\/contraf-cut-participa-de-encontro-de-trabalhadores-em-empresas-estatais-da-cut\/","title":{"rendered":"Contraf-CUT participa de Encontro de Trabalhadores em Empresas Estatais da CUT"},"content":{"rendered":"<p>A Contraf-CUT participou, nesta quarta-feira (27), do Encontro de Trabalhadores em Empresas Estatais, realizado pela CUT, em S\u00e3o Paulo. O objetivo \u00e9 debater o risco que essas institui\u00e7\u00f5es correm de privatiza\u00e7\u00e3o. A atividade reuniu representantes de todas as categorias que se sentem amea\u00e7adas por este processo.<\/p>\n<p>Carlos de Souza, secret\u00e1rio-geral da Contraf-CUT e representante do Banco do Brasil e do BNDES, relatou que ficou claro como as a\u00e7\u00f5es s\u00e3o muito parecidas em busca de privatiza\u00e7\u00e3o. \u201cO ataque \u00e9 muito comum. \u00c9 um processo de destrui\u00e7\u00e3o das empresas por dentro, diminuindo o quadro de funcion\u00e1rios, com plano de incentivo \u00e0 aposentadoria ou de demiss\u00e3o volunt\u00e1ria, e tentando deixar a empresa sem resist\u00eancia no processo de privatiza\u00e7\u00e3o&#8221;.<\/p>\n<p>Al\u00e9m de Carlos de Souza, Gustavo Tabatinga Jr, secret\u00e1rio de Pol\u00edticas Sindicais da Contraf-CUT, representou o Banco do Nordeste; Rosalina Amorim, secret\u00e1ria de Estudos Socioecon\u00f4micos, representou o Banco da Amaz\u00f4nia; Mauro Salles, secret\u00e1rio de Pol\u00edticas Sociais da Contraf-CUT, representando o Banrisul; Tatiana Oliveira, dirigente do Sindicato dos Banc\u00e1rios do Par\u00e1, representando o Banpar\u00e1; e Dion\u00edsio Reis, coordenador do CEE\/Caixa, representando da Caixa.<\/p>\n<p>As categorias presentes relataram as a\u00e7\u00f5es que vem sendo realizadas para combater a privatiza\u00e7\u00e3o. Para Carlos de Souza, as atividades precisam ser unificadas. \u201cO debate foi importante porque as a\u00e7\u00f5es s\u00e3o fundamentais, mas s\u00e3o localizadas em cada setor e a gente precisa ousar mais, precisa fazer agendas comuns, organizar um calend\u00e1rio que seja de todos. Na d\u00e9cada de 1990, por exemplo, aconteceram algumas privatiza\u00e7\u00f5es, mas dificultamos muito com grandes mobiliza\u00e7\u00f5es a ponto de impedirem que outras privatiza\u00e7\u00f5es avan\u00e7assem.\u201d<\/p>\n<p>Antes de encerrar, o secret\u00e1rio-geral ainda salientou a necessidade de ampliar a resist\u00eancia e dar combatividade cada vez maior a este processo. \u201cTemos de ampliar isso para al\u00e9m da vanguarda dos dirigentes, ampliar isso nas categorias, no convencimento dos trabalhadores da necessidade de lutar para defender suas empresas, n\u00e3o s\u00f3 seus empregos. Al\u00e9m disso de dialogar com a sociedade, mostrar para a popula\u00e7\u00e3o o que est\u00e1 acontecendo e que ela sair\u00e1 perdendo.\u201d<\/p>\n<p><strong>Fonte: Contraf-CUT<\/strong><\/p>\n","protected":false},"excerpt":{"rendered":"<p>A Contraf-CUT participou, nesta quarta-feira (27), do Encontro de Trabalhadores em Empresas Estatais, realizado pela CUT, em S\u00e3o Paulo. O objetivo \u00e9 debater o risco que essas institui\u00e7\u00f5es correm de privatiza\u00e7\u00e3o. A atividade reuniu representantes de todas as categorias que se sentem amea\u00e7adas por este processo. Carlos de Souza, secret\u00e1rio-geral da Contraf-CUT e representante do [&hellip;]<\/p>\n","protected":false},"author":2,"featured_media":3102,"comment_status":"","ping_status":"","sticky":false,"template":"","format":"standard","meta":{"footnotes":""},"categories":[3],"tags":[],"class_list":["post-3103","post","type-post","status-publish","format-standard","has-post-thumbnail","hentry","category-noticias"],"_links":{"self":[{"href":"https:\/\/hostnetart.com.br\/baixada\/wp-json\/wp\/v2\/posts\/3103","targetHints":{"allow":["GET"]}}],"collection":[{"href":"https:\/\/hostnetart.com.br\/baixada\/wp-json\/wp\/v2\/posts"}],"about":[{"href":"https:\/\/hostnetart.com.br\/baixada\/wp-json\/wp\/v2\/types\/post"}],"author":[{"embeddable":true,"href":"https:\/\/hostnetart.com.br\/baixada\/wp-json\/wp\/v2\/users\/2"}],"replies":[{"embeddable":true,"href":"https:\/\/hostnetart.com.br\/baixada\/wp-json\/wp\/v2\/comments?post=3103"}],"version-history":[{"count":0,"href":"https:\/\/hostnetart.com.br\/baixada\/wp-json\/wp\/v2\/posts\/3103\/revisions"}],"wp:featuredmedia":[{"embeddable":true,"href":"https:\/\/hostnetart.com.br\/baixada\/wp-json\/wp\/v2\/media\/3102"}],"wp:attachment":[{"href":"https:\/\/hostnetart.com.br\/baixada\/wp-json\/wp\/v2\/media?parent=3103"}],"wp:term":[{"taxonomy":"category","embeddable":true,"href":"https:\/\/hostnetart.com.br\/baixada\/wp-json\/wp\/v2\/categories?post=3103"},{"taxonomy":"post_tag","embeddable":true,"href":"https:\/\/hostnetart.com.br\/baixada\/wp-json\/wp\/v2\/tags?post=3103"}],"curies":[{"name":"wp","href":"https:\/\/api.w.org\/{rel}","templated":true}]}}