{"id":3101,"date":"2017-09-27T18:30:54","date_gmt":"2017-09-27T21:30:54","guid":{"rendered":"https:\/\/hostnetart.com.br\/baixada\/contraf-cut-disponibiliza-material-sobre-a-importancia-dos-bancos-publicos\/"},"modified":"2017-09-27T18:30:54","modified_gmt":"2017-09-27T21:30:54","slug":"contraf-cut-disponibiliza-material-sobre-a-importancia-dos-bancos-publicos","status":"publish","type":"post","link":"https:\/\/hostnetart.com.br\/baixada\/contraf-cut-disponibiliza-material-sobre-a-importancia-dos-bancos-publicos\/","title":{"rendered":"Contraf-CUT disponibiliza material sobre a import\u00e2ncia dos bancos p\u00fablicos"},"content":{"rendered":"<p>A Contraf-CUT disponibiliza, a partir desta quarta-feira (27), um folheto sobre a import\u00e2ncia dos bancos p\u00fablicos para a sociedade brasileira. \u201cN\u00f3s precisamos conscientizar a popula\u00e7\u00e3o que os bancos p\u00fablicos s\u00e3o pe\u00e7as fundamentais no desenvolvimento do Brasil. Para isso, temos de ir al\u00e9m da porta dos bancos, temos de ir \u00e0s rodovi\u00e1rias, esta\u00e7\u00f5es de trem e metr\u00f4, terminais de \u00f4nibus para informar aos brasileiros, os riscos que eles correm com essa pol\u00edtica de enfraquecimento e privatiza\u00e7\u00f5es de empresas estatais\u201d, informou Roberto von der Osten, presidente da Contraf-CUT.<\/p>\n<p>O material est\u00e1 dispon\u00edvel para download na se\u00e7\u00e3o de publica\u00e7\u00f5es do nosso site.<\/p>\n<p><strong>Fonte: Contraf-CUT<\/strong><\/p>\n","protected":false},"excerpt":{"rendered":"<p>A Contraf-CUT disponibiliza, a partir desta quarta-feira (27), um folheto sobre a import\u00e2ncia dos bancos p\u00fablicos para a sociedade brasileira. \u201cN\u00f3s precisamos conscientizar a popula\u00e7\u00e3o que os bancos p\u00fablicos s\u00e3o pe\u00e7as fundamentais no desenvolvimento do Brasil. Para isso, temos de ir al\u00e9m da porta dos bancos, temos de ir \u00e0s rodovi\u00e1rias, esta\u00e7\u00f5es de trem e [&hellip;]<\/p>\n","protected":false},"author":2,"featured_media":3100,"comment_status":"","ping_status":"","sticky":false,"template":"","format":"standard","meta":{"footnotes":""},"categories":[3],"tags":[],"class_list":["post-3101","post","type-post","status-publish","format-standard","has-post-thumbnail","hentry","category-noticias"],"_links":{"self":[{"href":"https:\/\/hostnetart.com.br\/baixada\/wp-json\/wp\/v2\/posts\/3101","targetHints":{"allow":["GET"]}}],"collection":[{"href":"https:\/\/hostnetart.com.br\/baixada\/wp-json\/wp\/v2\/posts"}],"about":[{"href":"https:\/\/hostnetart.com.br\/baixada\/wp-json\/wp\/v2\/types\/post"}],"author":[{"embeddable":true,"href":"https:\/\/hostnetart.com.br\/baixada\/wp-json\/wp\/v2\/users\/2"}],"replies":[{"embeddable":true,"href":"https:\/\/hostnetart.com.br\/baixada\/wp-json\/wp\/v2\/comments?post=3101"}],"version-history":[{"count":0,"href":"https:\/\/hostnetart.com.br\/baixada\/wp-json\/wp\/v2\/posts\/3101\/revisions"}],"wp:featuredmedia":[{"embeddable":true,"href":"https:\/\/hostnetart.com.br\/baixada\/wp-json\/wp\/v2\/media\/3100"}],"wp:attachment":[{"href":"https:\/\/hostnetart.com.br\/baixada\/wp-json\/wp\/v2\/media?parent=3101"}],"wp:term":[{"taxonomy":"category","embeddable":true,"href":"https:\/\/hostnetart.com.br\/baixada\/wp-json\/wp\/v2\/categories?post=3101"},{"taxonomy":"post_tag","embeddable":true,"href":"https:\/\/hostnetart.com.br\/baixada\/wp-json\/wp\/v2\/tags?post=3101"}],"curies":[{"name":"wp","href":"https:\/\/api.w.org\/{rel}","templated":true}]}}