{"id":3097,"date":"2017-09-27T14:06:03","date_gmt":"2017-09-27T17:06:03","guid":{"rendered":"https:\/\/hostnetart.com.br\/baixada\/frente-parlamentar-mista-em-defesa-da-soberania-nacional-sera-lancada-dia-2-de-outubro\/"},"modified":"2017-09-27T14:06:03","modified_gmt":"2017-09-27T17:06:03","slug":"frente-parlamentar-mista-em-defesa-da-soberania-nacional-sera-lancada-dia-2-de-outubro","status":"publish","type":"post","link":"https:\/\/hostnetart.com.br\/baixada\/frente-parlamentar-mista-em-defesa-da-soberania-nacional-sera-lancada-dia-2-de-outubro\/","title":{"rendered":"Frente Parlamentar Mista em Defesa da Soberania Nacional ser\u00e1 lan\u00e7ada dia 2 de outubro"},"content":{"rendered":"<p>Na pr\u00f3xima segunda-feira, dia 2, voc\u00ea tem compromisso marcado com o Brasil! \u00c0s 14 horas, o Clube de Engenharia, no Centro do Rio, estar\u00e1 recebendo o lan\u00e7amento da Frente Parlamentar Mista em Defesa da Soberania Nacional. <\/p>\n<p>A Frente em Defesa da Soberania Nacional \u00e9 uma entidade civil suprapartid\u00e1ria que defende o desenvolvimento da sociedade brasileira de forma justa, pr\u00f3spera, democr\u00e1tica e fraterna e considera a soberania um direito inalien\u00e1vel.<\/p>\n<p>Presen\u00e7a dos parlamentares e dirigentes da frente: senadores Lindbergh Farias e Roberto Requi\u00e3o e deputados Celso Pansera, Glauber Braga, Jandira Feghali, Patrus Ananias e Wadih Damous.<\/p>\n<p>Servi\u00e7o:<br \/>Dia 02\/10 \u00e0s 14h<br \/>25\u00ba andar do Clube de Engenharia<br \/>Av. Rio Branco, 124 &#8211; Metr\u00f4 Esta\u00e7\u00e3o Carioca<\/p>\n","protected":false},"excerpt":{"rendered":"<p>Na pr\u00f3xima segunda-feira, dia 2, voc\u00ea tem compromisso marcado com o Brasil! \u00c0s 14 horas, o Clube de Engenharia, no Centro do Rio, estar\u00e1 recebendo o lan\u00e7amento da Frente Parlamentar Mista em Defesa da Soberania Nacional. A Frente em Defesa da Soberania Nacional \u00e9 uma entidade civil suprapartid\u00e1ria que defende o desenvolvimento da sociedade brasileira [&hellip;]<\/p>\n","protected":false},"author":2,"featured_media":3096,"comment_status":"","ping_status":"","sticky":false,"template":"","format":"standard","meta":{"footnotes":""},"categories":[3],"tags":[],"class_list":["post-3097","post","type-post","status-publish","format-standard","has-post-thumbnail","hentry","category-noticias"],"_links":{"self":[{"href":"https:\/\/hostnetart.com.br\/baixada\/wp-json\/wp\/v2\/posts\/3097","targetHints":{"allow":["GET"]}}],"collection":[{"href":"https:\/\/hostnetart.com.br\/baixada\/wp-json\/wp\/v2\/posts"}],"about":[{"href":"https:\/\/hostnetart.com.br\/baixada\/wp-json\/wp\/v2\/types\/post"}],"author":[{"embeddable":true,"href":"https:\/\/hostnetart.com.br\/baixada\/wp-json\/wp\/v2\/users\/2"}],"replies":[{"embeddable":true,"href":"https:\/\/hostnetart.com.br\/baixada\/wp-json\/wp\/v2\/comments?post=3097"}],"version-history":[{"count":0,"href":"https:\/\/hostnetart.com.br\/baixada\/wp-json\/wp\/v2\/posts\/3097\/revisions"}],"wp:featuredmedia":[{"embeddable":true,"href":"https:\/\/hostnetart.com.br\/baixada\/wp-json\/wp\/v2\/media\/3096"}],"wp:attachment":[{"href":"https:\/\/hostnetart.com.br\/baixada\/wp-json\/wp\/v2\/media?parent=3097"}],"wp:term":[{"taxonomy":"category","embeddable":true,"href":"https:\/\/hostnetart.com.br\/baixada\/wp-json\/wp\/v2\/categories?post=3097"},{"taxonomy":"post_tag","embeddable":true,"href":"https:\/\/hostnetart.com.br\/baixada\/wp-json\/wp\/v2\/tags?post=3097"}],"curies":[{"name":"wp","href":"https:\/\/api.w.org\/{rel}","templated":true}]}}