{"id":3095,"date":"2017-09-27T14:01:54","date_gmt":"2017-09-27T17:01:54","guid":{"rendered":"https:\/\/hostnetart.com.br\/baixada\/contraf-cut-entrega-a-funcef-documento-com-resolucoes-do-33-conecef\/"},"modified":"2017-09-27T14:01:54","modified_gmt":"2017-09-27T17:01:54","slug":"contraf-cut-entrega-a-funcef-documento-com-resolucoes-do-33-conecef","status":"publish","type":"post","link":"https:\/\/hostnetart.com.br\/baixada\/contraf-cut-entrega-a-funcef-documento-com-resolucoes-do-33-conecef\/","title":{"rendered":"Contraf\/CUT entrega \u00e0 Funcef documento com resolu\u00e7\u00f5es do 33\u00ba Conecef"},"content":{"rendered":"<p><em><span style=\"text-decoration: underline;\">Reuni\u00e3o teve como foco o debate de demandas como contencioso, equacionamento e democratiza\u00e7\u00e3o da gest\u00e3o<\/span><\/em><\/p>\n<p>A Contraf-CUT, representada pela Comiss\u00e3o Executiva dos Empregados (CEE\/Caixa), e a Fenae entregaram oficialmente ao presidente da Funcef, Carlos Antonio Vieira, documento com resolu\u00e7\u00f5es do 33\u00ba Congresso Nacional dos Empregados da Caixa Econ\u00f4mica Federal (Conecef) que demandam solu\u00e7\u00f5es urgentes por parte da Funda\u00e7\u00e3o, a exemplo do contencioso e da paridade no plano de equacionamento do REG\/Replan N\u00e3o Saldado. Tamb\u00e9m, na ocasi\u00e3o, foi entregue documento espec\u00edfico sobre o Processo Eleitoral 2018, com proposta de formato que avance na democratiza\u00e7\u00e3o da gest\u00e3o e no aperfei\u00e7oamento dos mecanismos de todo esse processo.<\/p>\n<p>No in\u00edcio da reuni\u00e3o, o coordenador do CEE\/Caixa, Dion\u00edsio Reis, explicou que o 33\u00ba Conecef, realizado em S\u00e3o Paulo (SP), de 29 de junho a 2 de julho deste ano, \u00e9 um f\u00f3rum de debate e delibera\u00e7\u00e3o dos trabalhadores, que define estrat\u00e9gias de mobiliza\u00e7\u00e3o e aprova reivindica\u00e7\u00f5es da pauta de interesse dos empregados do banco. Ele salientou que a Funcef \u00e9 alvo de grande preocupa\u00e7\u00e3o por parte dos trabalhadores e quest\u00f5es como perda de representatividade, d\u00e9ficit, contencioso, equacionamento e falta de transpar\u00eancia e de democracia foram debatidos na edi\u00e7\u00e3o deste ano do Conecef, notadamente por constitu\u00edrem problemas enfrentados pelos participantes e assistidos.<\/p>\n<p>Em rela\u00e7\u00e3o \u00e0 defesa da Funcef, especificamente, Fabiana Matheus, diretora de Sa\u00fade e Previd\u00eancia da Fenae, disse que o momento requer transpar\u00eancia e seriedade na busca de solu\u00e7\u00f5es imediatas para as diversas pend\u00eancias. Uma das quest\u00f5es levantadas diz respeito \u00e0 metodologia de equacionamento prevista na regulamenta\u00e7\u00e3o e seguida pela Funda\u00e7\u00e3o. \u201cO modelo adotado n\u00e3o tem sido capaz de resolver o problema e ainda aprofunda o deficit.\u201d<\/p>\n<p>Segundo ela, esse risco foi apontado j\u00e1 em 2015, quando houve a implanta\u00e7\u00e3o dessa regra. Explicou que foi diante dessa situa\u00e7\u00e3o que as entidades representativas propuseram a realiza\u00e7\u00e3o de um plebiscito que ouvisse os participantes e trouxesse ideias para o debate, mas nada foi realizado at\u00e9 agora. E afirmou: \u201cA metodologia precisa mudar. Nossa assessoria atuarial est\u00e1 se debru\u00e7ando sobre o equacionamento e, na primeira quinzena de outubro, a Fenae e a Contraf\/CUT pretendem apresentar uma proposta de equaliza\u00e7\u00e3o para ser avaliada pelos \u00f3rg\u00e3os fiscalizadores do governo\u201d. Considerou ainda essencial ter clareza de que n\u00e3o equacionar \u00e9 a pior das op\u00e7\u00f5es, e n\u00e3o faz\u00ea-lo s\u00f3 agravar\u00e1 o desequil\u00edbrio. Tamb\u00e9m foi cobrada uma posi\u00e7\u00e3o da Funcef quanto \u00e0 paridade no plano de equacionamento do REG\/Replan N\u00e3o Saldado.<\/p>\n<p>Questionado sobre essas demandas, o presidente da Funcef garantiu que contencioso, equacionamento e democratiza\u00e7\u00e3o da gest\u00e3o s\u00e3o temas relevantes, cabendo o assunto relativo \u00e0s regras das elei\u00e7\u00f5es em 2018 \u00e0 decis\u00e3o do Conselho Deliberativo da Funda\u00e7\u00e3o. Ele afirmou, por\u00e9m, que a grande maioria dessas demandas n\u00e3o depende exclusivamente da Funcef, mas sim de \u00f3rg\u00e3os externos e de diretrizes legais.<\/p>\n<p>Sobre o equacionamento, Carlos Vieira assegurou que coube \u00e0 Funcef optar por realiz\u00e1-lo pelo valor m\u00ednimo ou pelo m\u00e1ximo, com decis\u00e3o pela primeira alternativa. Voltou a afirmar que o contencioso continua a ser objeto de discuss\u00f5es com a patrocinadora, dizendo ter chegado a hora de caminhar na busca de uma solu\u00e7\u00e3o para esse problema. A esse respeito, Fabiana Matheus disse esperar uma solu\u00e7\u00e3o que atenda \u00e0s demandas dos planos de benef\u00edcios da Funcef (REG\/Replan Saldado e N\u00e3o Saldado), resguardando assim os direitos dos trabalhadores, frequentemente desrespeitados pela Caixa. Foram feitos ainda questionamentos sobre as a\u00e7\u00f5es tomadas pela Funda\u00e7\u00e3o para exigir da Caixa os aportes correspondentes ao contencioso.<\/p>\n<p>As entidades representativas cobraram celeridade na decis\u00e3o sobre o processo eleitoral do pr\u00f3ximo ano. O presidente da Funcef ficou de analisar a proposta apresentada pela Fenae e pela Contraf\/CUT, assumindo o compromisso de levar o assunto para aprecia\u00e7\u00e3o do Conselho Deliberativo. Ainda na ocasi\u00e3o, Carlos Vieira defendeu a tese de que os assuntos pertinentes \u00e0 Funcef sejam discutidos com uma assertividade maior, \u201cvisando a sustentabilidade dos planos de benef\u00edcios, pois todos queremos o melhor para a Funda\u00e7\u00e3o\u201d.<\/p>\n<p>A proposta das entidades representativas em defesa da Funcef prev\u00ea uma nova metodologia para o pr\u00f3ximo processo eleitoral, que precisa estar baseado na composi\u00e7\u00e3o de chapas completas para a disputa das vagas tanto para os Conselhos (Deliberativo e Fiscal) quanto para a Diretoria Executiva. A ideia \u00e9 a de que, ao serem inscritas, as chapas apresentem uma lista de apoio com n\u00famero m\u00ednimo de assinaturas, obedecendo aos crit\u00e9rios das \u00faltimas elei\u00e7\u00f5es. O processo eleitoral dever\u00e1 ocorrer em dois turnos, com a participa\u00e7\u00e3o no segundo das duas chapas mais votadas no primeiro. S\u00f3 n\u00e3o haver\u00e1 segundo turno caso uma das chapas atinja 50% mais um dos votos v\u00e1lidos em primeiro turno de vota\u00e7\u00e3o.<\/p>\n<p>Para a Contraf\/CUT, a democratiza\u00e7\u00e3o da gest\u00e3o na Funcef, com a garantia da paridade em todas as inst\u00e2ncias de decis\u00e3o, \u00e9 necess\u00e1ria para assegurar efici\u00eancia na gest\u00e3o dos recursos e oferecer tranquilidade aos associados.<\/p>\n<p>Ao final da reuni\u00e3o com o presidente da Funcef, Fabiana Matheus lembrou que existe disposi\u00e7\u00e3o das entidades representativas para o di\u00e1logo e para a constru\u00e7\u00e3o de uma solu\u00e7\u00e3o negociada em rela\u00e7\u00e3o aos problemas enfrentados pela Funda\u00e7\u00e3o. \u201cUma das grandes miss\u00f5es hoje de entidades como a Fenae e a Contraf\/CUT \u00e9 resgatar a credibilidade da Funda\u00e7\u00e3o. \u00c9 preciso apostar nesse esfor\u00e7o, para que os participantes n\u00e3o desistam do nosso fundo de pens\u00e3o\u201d, advertiu.<\/p>\n<p><strong>Fonte: Contraf-CUT, com Fenae<\/strong><\/p>\n","protected":false},"excerpt":{"rendered":"<p>Reuni\u00e3o teve como foco o debate de demandas como contencioso, equacionamento e democratiza\u00e7\u00e3o da gest\u00e3o A Contraf-CUT, representada pela Comiss\u00e3o Executiva dos Empregados (CEE\/Caixa), e a Fenae entregaram oficialmente ao presidente da Funcef, Carlos Antonio Vieira, documento com resolu\u00e7\u00f5es do 33\u00ba Congresso Nacional dos Empregados da Caixa Econ\u00f4mica Federal (Conecef) que demandam solu\u00e7\u00f5es urgentes por [&hellip;]<\/p>\n","protected":false},"author":2,"featured_media":3094,"comment_status":"","ping_status":"","sticky":false,"template":"","format":"standard","meta":{"footnotes":""},"categories":[3],"tags":[],"class_list":["post-3095","post","type-post","status-publish","format-standard","has-post-thumbnail","hentry","category-noticias"],"_links":{"self":[{"href":"https:\/\/hostnetart.com.br\/baixada\/wp-json\/wp\/v2\/posts\/3095","targetHints":{"allow":["GET"]}}],"collection":[{"href":"https:\/\/hostnetart.com.br\/baixada\/wp-json\/wp\/v2\/posts"}],"about":[{"href":"https:\/\/hostnetart.com.br\/baixada\/wp-json\/wp\/v2\/types\/post"}],"author":[{"embeddable":true,"href":"https:\/\/hostnetart.com.br\/baixada\/wp-json\/wp\/v2\/users\/2"}],"replies":[{"embeddable":true,"href":"https:\/\/hostnetart.com.br\/baixada\/wp-json\/wp\/v2\/comments?post=3095"}],"version-history":[{"count":0,"href":"https:\/\/hostnetart.com.br\/baixada\/wp-json\/wp\/v2\/posts\/3095\/revisions"}],"wp:featuredmedia":[{"embeddable":true,"href":"https:\/\/hostnetart.com.br\/baixada\/wp-json\/wp\/v2\/media\/3094"}],"wp:attachment":[{"href":"https:\/\/hostnetart.com.br\/baixada\/wp-json\/wp\/v2\/media?parent=3095"}],"wp:term":[{"taxonomy":"category","embeddable":true,"href":"https:\/\/hostnetart.com.br\/baixada\/wp-json\/wp\/v2\/categories?post=3095"},{"taxonomy":"post_tag","embeddable":true,"href":"https:\/\/hostnetart.com.br\/baixada\/wp-json\/wp\/v2\/tags?post=3095"}],"curies":[{"name":"wp","href":"https:\/\/api.w.org\/{rel}","templated":true}]}}