{"id":3093,"date":"2017-09-27T13:38:01","date_gmt":"2017-09-27T16:38:01","guid":{"rendered":"https:\/\/hostnetart.com.br\/baixada\/sindbaixada-participa-em-sao-paulo-de-comissao-que-vai-recomendar-alteracao-na-clausula-33-c-da-cct\/"},"modified":"2017-09-27T13:38:01","modified_gmt":"2017-09-27T16:38:01","slug":"sindbaixada-participa-em-sao-paulo-de-comissao-que-vai-recomendar-alteracao-na-clausula-33-c-da-cct","status":"publish","type":"post","link":"https:\/\/hostnetart.com.br\/baixada\/sindbaixada-participa-em-sao-paulo-de-comissao-que-vai-recomendar-alteracao-na-clausula-33-c-da-cct\/","title":{"rendered":"SindBaixada participa em S\u00e3o Paulo de Comiss\u00e3o que vai recomendar altera\u00e7\u00e3o na Cl\u00e1usula 33-C da CCT"},"content":{"rendered":"<p><span style=\"text-decoration: underline;\"><em>A amplia\u00e7\u00e3o da seguran\u00e7a daqueles que s\u00e3o v\u00edtimas de extors\u00e3o mediante sequestro \u00e9 uma antiga reivindica\u00e7\u00e3o da categoria<\/em><\/span><\/p>\n<p>Representando o Sindicato dos Banc\u00e1rios da Baixada Fluminense e a Fetraf-RJES, Pedro Batista Fraga Henriques, esteve presente na quarta reuni\u00e3o da Comiss\u00e3o Bipartite de Seguran\u00e7a Banc\u00e1ria, realizada na tarde da \u00faltima ter\u00e7a-feira (26), e terminou com uma vit\u00f3ria para os trabalhadores. A Comiss\u00e3o vai encaminhar \u00e0 Comiss\u00e3o de Negocia\u00e7\u00f5es da Fenaban a recomenda\u00e7\u00e3o para alterar a reda\u00e7\u00e3o do item C da cl\u00e1usula 33 da Conven\u00e7\u00e3o Coletiva de Trabalho (CCT). A mudan\u00e7a amplia para os banc\u00e1rios v\u00edtimas de extors\u00e3o mediante sequestro a mesma prote\u00e7\u00e3o garantida aos banc\u00e1rios v\u00edtimas de sequestro consumado, ou seja, a possibilidade de realoca\u00e7\u00e3o dos trabalhadores para outra ag\u00eancia ou posto de atendimento banc\u00e1rio.<\/p>\n<p>Agora, a negocia\u00e7\u00e3o sobre a Cl\u00e1usula ir\u00e1 continuar entre o Comando Nacional dos Banc\u00e1rios e a Fenaban. \u201c\u00c9 uma grande vit\u00f3ria para a seguran\u00e7a do trabalhador. Durante todo ano reivindicamos aos bancos essa altera\u00e7\u00e3o no texto\u201d, disse Gustavo Tabatinga, secret\u00e1rio de Pol\u00edticas Sindicais da Contraf-CUT.<\/p>\n<p>Os representantes dos trabalhadores alertaram para a retirada do vigilante quando as ag\u00eancias passam por obras devido a arrombamentos em assaltos. \u201cOs banc\u00e1rios permanecem trabalhando no local, apesar delas estarem funcionando sem numer\u00e1rio, e sofrem press\u00e3o da popula\u00e7\u00e3o que est\u00e1 descontente com a falta de atendimento completo no local. Reivindicamos condi\u00e7\u00f5es m\u00ednimas de trabalho e seguran\u00e7a\u201d, explicou Jairo Fran\u00e7a, diretor da Fetrafi\/NE. Os representantes dos bancos ficaram de levar a reivindica\u00e7\u00e3o \u00e0 Comiss\u00e3o de Seguran\u00e7a da Fenaban.<\/p>\n<p>A pr\u00f3xima reuni\u00e3o da Comiss\u00e3o Bipartite de Seguran\u00e7a Banc\u00e1ria est\u00e1 marcada para 13 de novembro.<\/p>\n<p><strong>Fonte: Contraf-CUT<\/strong><\/p>\n","protected":false},"excerpt":{"rendered":"<p>A amplia\u00e7\u00e3o da seguran\u00e7a daqueles que s\u00e3o v\u00edtimas de extors\u00e3o mediante sequestro \u00e9 uma antiga reivindica\u00e7\u00e3o da categoria Representando o Sindicato dos Banc\u00e1rios da Baixada Fluminense e a Fetraf-RJES, Pedro Batista Fraga Henriques, esteve presente na quarta reuni\u00e3o da Comiss\u00e3o Bipartite de Seguran\u00e7a Banc\u00e1ria, realizada na tarde da \u00faltima ter\u00e7a-feira (26), e terminou com uma [&hellip;]<\/p>\n","protected":false},"author":2,"featured_media":3092,"comment_status":"","ping_status":"","sticky":false,"template":"","format":"standard","meta":{"footnotes":""},"categories":[3],"tags":[],"class_list":["post-3093","post","type-post","status-publish","format-standard","has-post-thumbnail","hentry","category-noticias"],"_links":{"self":[{"href":"https:\/\/hostnetart.com.br\/baixada\/wp-json\/wp\/v2\/posts\/3093","targetHints":{"allow":["GET"]}}],"collection":[{"href":"https:\/\/hostnetart.com.br\/baixada\/wp-json\/wp\/v2\/posts"}],"about":[{"href":"https:\/\/hostnetart.com.br\/baixada\/wp-json\/wp\/v2\/types\/post"}],"author":[{"embeddable":true,"href":"https:\/\/hostnetart.com.br\/baixada\/wp-json\/wp\/v2\/users\/2"}],"replies":[{"embeddable":true,"href":"https:\/\/hostnetart.com.br\/baixada\/wp-json\/wp\/v2\/comments?post=3093"}],"version-history":[{"count":0,"href":"https:\/\/hostnetart.com.br\/baixada\/wp-json\/wp\/v2\/posts\/3093\/revisions"}],"wp:featuredmedia":[{"embeddable":true,"href":"https:\/\/hostnetart.com.br\/baixada\/wp-json\/wp\/v2\/media\/3092"}],"wp:attachment":[{"href":"https:\/\/hostnetart.com.br\/baixada\/wp-json\/wp\/v2\/media?parent=3093"}],"wp:term":[{"taxonomy":"category","embeddable":true,"href":"https:\/\/hostnetart.com.br\/baixada\/wp-json\/wp\/v2\/categories?post=3093"},{"taxonomy":"post_tag","embeddable":true,"href":"https:\/\/hostnetart.com.br\/baixada\/wp-json\/wp\/v2\/tags?post=3093"}],"curies":[{"name":"wp","href":"https:\/\/api.w.org\/{rel}","templated":true}]}}