{"id":3091,"date":"2017-09-26T16:39:06","date_gmt":"2017-09-26T19:39:06","guid":{"rendered":"https:\/\/hostnetart.com.br\/baixada\/mulheres-vao-as-ruas-em-defesa-da-aposentadoria\/"},"modified":"2017-09-26T16:39:06","modified_gmt":"2017-09-26T19:39:06","slug":"mulheres-vao-as-ruas-em-defesa-da-aposentadoria","status":"publish","type":"post","link":"https:\/\/hostnetart.com.br\/baixada\/mulheres-vao-as-ruas-em-defesa-da-aposentadoria\/","title":{"rendered":"Mulheres v\u00e3o \u00e0s ruas em defesa da aposentadoria"},"content":{"rendered":"<p>As mulheres foram hoje, dia 26, \u00e0s ruas, para defender a Aposentadoria, que corre grande risco de acabar. Organizado pelo F\u00f3rum Nacional das Mulheres das Centrais Sindicais (CUT, CTB, CSB, For\u00e7a, NCST e UGT), o ato teve como objetivo denunciar os efeitos da proposta de Reforma da Previd\u00eancia na vida das mulheres, caso seja aprovada pelo Congresso Nacional.<\/p>\n<p>O Sindicato dos Banc\u00e1rios da Baixada Fluminense esteve representado pela Diretora Renata Soeiro.<\/p>\n<p>A \u201ccontrarreforma\u201d do presidente ileg\u00edtimo Michel Temer e seus aliados pode ser votada a qualquer momento pelo Congresso Nacional e visa, entre outras coisas, igualar, entre homens e mulheres a idade m\u00ednima para se aposentar, desvincular o sal\u00e1rio m\u00ednimo do valor do beneficio e dificultar o acesso do direito de envelhecer dignamente.<\/p>\n<p>\u201cA proposta do golpista\u00a0 Michel Temer acaba com a aposentadoria e prejudica ainda mais a vida das mulheres, principalmente as trabalhadoras negras, do campo e as professoras. O que eles querem \u00e9 privatizar a aposentadoria. S\u00f3 ter\u00e1 direito ao beneficio quem puder pagar por ele. E isso \u00e9 inaceit\u00e1vel\u201d, contou a secret\u00e1ria Nacional da Mulher Trabalhadora da CUT, Jun\u00e9ia Martins Batista.<\/p>\n<p>\u201cN\u00f3s, mulheres das Centrais Sindicais, nos posicionamos contra qualquer altera\u00e7\u00e3o nas regras da previd\u00eancia que implique em retirada de direitos de trabalhadoras e trabalhadores, rurais e urbanos\u201d, diz trecho do panfleto que ser\u00e1 distribu\u00eddo no local da manifesta\u00e7\u00e3o.<br \/>\u00a0<\/p>\n<p><strong>Press\u00e3o para dizer N\u00c3O para a Reforma da Previd\u00eancia<\/strong><br \/>As mulheres v\u00e3o distribuir panfletos com informa\u00e7\u00f5es sobre os impactos da contrarreforma na vida das mulheres, mas tamb\u00e9m v\u00e3o incentivar a popula\u00e7\u00e3o a pressionar os deputados e deputadas para n\u00e3o tra\u00edrem os trabalhadores e as trabalhadoras atrav\u00e9s do site \u201cnapress\u00e3o.org.br\u201d.<\/p>\n<p>\u201cTemos que pressionar todos os dias, n\u00e3o s\u00f3 online, mas tamb\u00e9m nos seus estados e munic\u00edpios, e dizer para estes parlamentares que as mulheres dizem N\u00c3O para o fim da aposentadoria\u201d, disse Jun\u00e9ia.<\/p>\n<p>Existem outras campanhas no \u201cnapress\u00e3o\u201d, inclui outras campanhas, como Fora Temer.<br \/>\u00a0<\/p>\n<p><strong>Anulareforma<\/strong><br \/>As mulheres tamb\u00e9m v\u00e3o denunciar os deputados e as deputadas que votaram a favor da Reforma Trabalhista, que entrar\u00e1 em vigor no pr\u00f3ximo dia 11 de novembro. As novas leis v\u00e3o acabar com mais de 100 direitos da CLT (Consolida\u00e7\u00e3o das Leis do Trabalho) e v\u00e3o prejudicar toda a classe trabalhadora.<\/p>\n<p>As mulheres CUTistas\u00a0 ir\u00e3o abordar a popula\u00e7\u00e3o da regi\u00e3o para assinar o Projeto de Lei de Iniciativa Popular (PLIP) da CUT para anular a Reforma Trabalhista. Para isso acontecer ser\u00e1 necess\u00e1rio colher\u00a0 um milh\u00e3o e trezentas mil assinaturas para entregar no Congresso Nacional.<\/p>\n<p>\u201cA campanha para anular a Reforma Trabalhista \u00e9 uma ferramenta fundamental para dialogarmos com a popula\u00e7\u00e3o e dizer todos os retrocessos que estes golpistas t\u00eam feito para nosso povo\u201d, explicou a secret\u00e1ria da Mulher Trabalhadora da CUT S\u00e3o Paulo, Marcia Viana.<\/p>\n<p>Para poder participar da campanha, caso n\u00e3o consiga comparecer na manifesta\u00e7\u00e3o, \u00e9 s\u00f3 acessar o material de campanha no site anulareforma.cut.org.br e no v\u00eddeo abaixo, produzido pela CUT Bras\u00edlia, voc\u00ea acompanha passo a passo como colaborar para anular a Reforma Trabalhista que acaba com nossos direitos.<\/p>\n<p><strong>Participantes do F\u00f3rum das Centrais:<\/strong> <\/p>\n<p>Central dos Sindicatos Brasileiros (CSB)<\/p>\n<p>Central dos Trabalhadores e Trabalhadoras do Brasil (CTB)<\/p>\n<p>Central \u00danica dos Trabalhos (CUT)<\/p>\n<p>For\u00e7a Sindical<\/p>\n<p>Nova Central Sindical dos Trabalhadores (NCST)<\/p>\n<p>Uni\u00e3o Geral dos Trabalhadores (UGT)<\/p>\n","protected":false},"excerpt":{"rendered":"<p>As mulheres foram hoje, dia 26, \u00e0s ruas, para defender a Aposentadoria, que corre grande risco de acabar. Organizado pelo F\u00f3rum Nacional das Mulheres das Centrais Sindicais (CUT, CTB, CSB, For\u00e7a, NCST e UGT), o ato teve como objetivo denunciar os efeitos da proposta de Reforma da Previd\u00eancia na vida das mulheres, caso seja aprovada [&hellip;]<\/p>\n","protected":false},"author":2,"featured_media":3090,"comment_status":"","ping_status":"","sticky":false,"template":"","format":"standard","meta":{"footnotes":""},"categories":[3],"tags":[],"class_list":["post-3091","post","type-post","status-publish","format-standard","has-post-thumbnail","hentry","category-noticias"],"_links":{"self":[{"href":"https:\/\/hostnetart.com.br\/baixada\/wp-json\/wp\/v2\/posts\/3091","targetHints":{"allow":["GET"]}}],"collection":[{"href":"https:\/\/hostnetart.com.br\/baixada\/wp-json\/wp\/v2\/posts"}],"about":[{"href":"https:\/\/hostnetart.com.br\/baixada\/wp-json\/wp\/v2\/types\/post"}],"author":[{"embeddable":true,"href":"https:\/\/hostnetart.com.br\/baixada\/wp-json\/wp\/v2\/users\/2"}],"replies":[{"embeddable":true,"href":"https:\/\/hostnetart.com.br\/baixada\/wp-json\/wp\/v2\/comments?post=3091"}],"version-history":[{"count":0,"href":"https:\/\/hostnetart.com.br\/baixada\/wp-json\/wp\/v2\/posts\/3091\/revisions"}],"wp:featuredmedia":[{"embeddable":true,"href":"https:\/\/hostnetart.com.br\/baixada\/wp-json\/wp\/v2\/media\/3090"}],"wp:attachment":[{"href":"https:\/\/hostnetart.com.br\/baixada\/wp-json\/wp\/v2\/media?parent=3091"}],"wp:term":[{"taxonomy":"category","embeddable":true,"href":"https:\/\/hostnetart.com.br\/baixada\/wp-json\/wp\/v2\/categories?post=3091"},{"taxonomy":"post_tag","embeddable":true,"href":"https:\/\/hostnetart.com.br\/baixada\/wp-json\/wp\/v2\/tags?post=3091"}],"curies":[{"name":"wp","href":"https:\/\/api.w.org\/{rel}","templated":true}]}}