{"id":3089,"date":"2017-09-26T15:24:14","date_gmt":"2017-09-26T18:24:14","guid":{"rendered":"https:\/\/hostnetart.com.br\/baixada\/seguranca-bancaria-em-pauta-nesta-terca-26-em-reuniao-com-a-fenaban\/"},"modified":"2017-09-26T15:24:14","modified_gmt":"2017-09-26T18:24:14","slug":"seguranca-bancaria-em-pauta-nesta-terca-26-em-reuniao-com-a-fenaban","status":"publish","type":"post","link":"https:\/\/hostnetart.com.br\/baixada\/seguranca-bancaria-em-pauta-nesta-terca-26-em-reuniao-com-a-fenaban\/","title":{"rendered":"Seguran\u00e7a banc\u00e1ria em pauta nesta ter\u00e7a (26) em reuni\u00e3o com a Fenaban"},"content":{"rendered":"<p><em><span style=\"text-decoration: underline;\">Trabalhadores querem ampliar a seguran\u00e7a daqueles que s\u00e3o v\u00edtimas de extors\u00e3o mediante sequestro<\/span><\/em><\/p>\n<p>O Coletivo Nacional de Seguran\u00e7a Banc\u00e1ria da Confedera\u00e7\u00e3o Nacional dos Trabalhadores do Ramo Financeiro (Contraf-CUT) se re\u00fane nesta ter\u00e7a-feira (26), a partir das 15h, com a Federa\u00e7\u00e3o Nacional dos Bancos na Comiss\u00e3o Bipartite de Seguran\u00e7a Banc\u00e1ria.<\/p>\n<p>Os trabalhadores v\u00e3o cobrar, mais uma vez, a amplia\u00e7\u00e3o aos banc\u00e1rios v\u00edtimas de extors\u00e3o mediante sequestro da mesma prote\u00e7\u00e3o garantida no item C da cl\u00e1usula 33 aos banc\u00e1rios v\u00edtimas de sequestro consumado. Ser\u00e1 a quarta reuni\u00e3o sobre o tema com os bancos.<\/p>\n<p>\u201cTrata-se de uma quest\u00e3o de seguran\u00e7a do trabalhador. Esta \u00e9 uma prioridade para a categoria\u201d, disse Gustavo Tabatinga, secret\u00e1rio de Pol\u00edticas Sindicais da Contraf-CUT, que disse haver grande expectativa na aprova\u00e7\u00e3o da mudan\u00e7a, pois o tema j\u00e1 vem sendo discutido com os bancos.<\/p>\n<p>Al\u00e9m da cl\u00e1usula 33 da CCT, os trabalhadores tamb\u00e9m v\u00e3o solicitar, mais uma vez, que os bancos permitam a visita\u00e7\u00e3o aos centros de seguran\u00e7a dos bancos, para que sejam analisados pelos trabalhadores e apresentadas propostas de melhorias na seguran\u00e7a.<\/p>\n<p><strong>Fonte: Contraf-CUT<\/strong><\/p>\n","protected":false},"excerpt":{"rendered":"<p>Trabalhadores querem ampliar a seguran\u00e7a daqueles que s\u00e3o v\u00edtimas de extors\u00e3o mediante sequestro O Coletivo Nacional de Seguran\u00e7a Banc\u00e1ria da Confedera\u00e7\u00e3o Nacional dos Trabalhadores do Ramo Financeiro (Contraf-CUT) se re\u00fane nesta ter\u00e7a-feira (26), a partir das 15h, com a Federa\u00e7\u00e3o Nacional dos Bancos na Comiss\u00e3o Bipartite de Seguran\u00e7a Banc\u00e1ria. Os trabalhadores v\u00e3o cobrar, mais uma [&hellip;]<\/p>\n","protected":false},"author":2,"featured_media":3088,"comment_status":"","ping_status":"","sticky":false,"template":"","format":"standard","meta":{"footnotes":""},"categories":[3],"tags":[],"class_list":["post-3089","post","type-post","status-publish","format-standard","has-post-thumbnail","hentry","category-noticias"],"_links":{"self":[{"href":"https:\/\/hostnetart.com.br\/baixada\/wp-json\/wp\/v2\/posts\/3089","targetHints":{"allow":["GET"]}}],"collection":[{"href":"https:\/\/hostnetart.com.br\/baixada\/wp-json\/wp\/v2\/posts"}],"about":[{"href":"https:\/\/hostnetart.com.br\/baixada\/wp-json\/wp\/v2\/types\/post"}],"author":[{"embeddable":true,"href":"https:\/\/hostnetart.com.br\/baixada\/wp-json\/wp\/v2\/users\/2"}],"replies":[{"embeddable":true,"href":"https:\/\/hostnetart.com.br\/baixada\/wp-json\/wp\/v2\/comments?post=3089"}],"version-history":[{"count":0,"href":"https:\/\/hostnetart.com.br\/baixada\/wp-json\/wp\/v2\/posts\/3089\/revisions"}],"wp:featuredmedia":[{"embeddable":true,"href":"https:\/\/hostnetart.com.br\/baixada\/wp-json\/wp\/v2\/media\/3088"}],"wp:attachment":[{"href":"https:\/\/hostnetart.com.br\/baixada\/wp-json\/wp\/v2\/media?parent=3089"}],"wp:term":[{"taxonomy":"category","embeddable":true,"href":"https:\/\/hostnetart.com.br\/baixada\/wp-json\/wp\/v2\/categories?post=3089"},{"taxonomy":"post_tag","embeddable":true,"href":"https:\/\/hostnetart.com.br\/baixada\/wp-json\/wp\/v2\/tags?post=3089"}],"curies":[{"name":"wp","href":"https:\/\/api.w.org\/{rel}","templated":true}]}}