{"id":3083,"date":"2017-09-25T22:43:42","date_gmt":"2017-09-26T01:43:42","guid":{"rendered":"https:\/\/hostnetart.com.br\/baixada\/comando-nacional-dos-bancarios-assina-aditivo-sobre-centros-de-realocacao-e-requalificacao-profissional\/"},"modified":"2017-09-25T22:43:42","modified_gmt":"2017-09-26T01:43:42","slug":"comando-nacional-dos-bancarios-assina-aditivo-sobre-centros-de-realocacao-e-requalificacao-profissional","status":"publish","type":"post","link":"https:\/\/hostnetart.com.br\/baixada\/comando-nacional-dos-bancarios-assina-aditivo-sobre-centros-de-realocacao-e-requalificacao-profissional\/","title":{"rendered":"Comando Nacional dos Banc\u00e1rios assina aditivo sobre centros de realoca\u00e7\u00e3o e requalifica\u00e7\u00e3o profissional"},"content":{"rendered":"<p><em><span style=\"text-decoration: underline;\">Comiss\u00f5es de empregados (COEs e CEEs) agora podem tratar com os respectivos bancos os detalhes dos centros a serem implementados em cada um deles<\/span><\/em><\/p>\n<p>O Comando Nacional dos Banc\u00e1rios, coordenado pela Confedera\u00e7\u00e3o Nacional dos Trabalhadores do Ramo Financeiro (Contraf-CUT), e a Federa\u00e7\u00e3o Nacional dos Bancos (Fenaban) assinaram, nesta segunda-feira (25), um termo aditivo \u00e0 Conven\u00e7\u00e3o Coletiva de Trabalho (CCT) 2016\/2018 para regulamentar a cria\u00e7\u00e3o de centros de realoca\u00e7\u00e3o e requalifica\u00e7\u00e3o profissional, conforme previsto na Cl\u00e1usula 62 da CCT.<\/p>\n<p>Esta era uma pend\u00eancia que havia ficado da mesa de negocia\u00e7\u00f5es do ano passado e o Comando Nacional dos Banc\u00e1rios e a Fenaban chegaram a uma reda\u00e7\u00e3o final na \u00faltima reuni\u00e3o entre as partes, ocorrida no dia 24 de agosto.<\/p>\n<p>Para Roberto von der Osten, presidente da Confedera\u00e7\u00e3o Nacional dos Trabalhadores do Ramo Financeiro (Contraf-CUT) e um dos coordenadores do Comando Nacional dos Banc\u00e1rios, neste contexto de reestrutura\u00e7\u00f5es e aumento do desemprego, trata-se de um importante avan\u00e7o. \u201cA cria\u00e7\u00e3o destes centros vai permitir a realoca\u00e7\u00e3o de trabalhadores de ag\u00eancias fechadas e daqueles que ocupam fun\u00e7\u00f5es que est\u00e3o sendo extintas e n\u00e3o tenham as habilidades necess\u00e1rias para as novas fun\u00e7\u00f5es. Se os centros evitarem ou, pelo menos, possibilitarem a redu\u00e7\u00e3o destas demiss\u00f5es teremos conseguido um grande avan\u00e7o para a categoria\u201d, explicou.<\/p>\n<p>O presidente da Contraf-CUT disse ainda que a assinatura deste acordo \u00e9 uma mostra da import\u00e2ncia e da validade do processo negocial entre os bancos e os representantes dos trabalhadores. \u201cN\u00e3o queremos acordos que nos tirem direitos. Quando existem sindicatos fortes e a categoria est\u00e1 organizada \u00e9 poss\u00edvel chegarmos a acordos que tragam benef\u00edcios para os trabalhadores. Esse \u00e9 um fruto da negocia\u00e7\u00e3o que temos que valorizar\u201d, avaliou<\/p>\n<p>Para Ivone Silva, presidenta do Sindicato dos Banc\u00e1rios de S\u00e3o Paulo, Osasco e regi\u00e3o e uma das coordenadoras do Comando Nacional dos Banc\u00e1rios, a assinatura do aditivo s\u00f3 foi poss\u00edvel devido ao acordo de dois anos, fechado em 2016. &#8220;O Sindicato atua em diversas frentes para fazer com que todas as transforma\u00e7\u00f5es tecnol\u00f3gicas sejam realizadas com a participa\u00e7\u00e3o dos trabalhadores e sua representa\u00e7\u00e3o&#8221;. <\/p>\n<p>As comiss\u00f5es de empregados (COEs e CEEs) agora podem tratar com os respectivos bancos os detalhes dos centros a serem implementados em cada um deles.<\/p>\n<p>O ato das assinaturas foi realizado em S\u00e3o Paulo, \u00e0s 16h, no Hotel Macksoud Plaza.<\/p>\n<p><strong>Fonte: Contraf-CUT<\/strong><\/p>\n","protected":false},"excerpt":{"rendered":"<p>Comiss\u00f5es de empregados (COEs e CEEs) agora podem tratar com os respectivos bancos os detalhes dos centros a serem implementados em cada um deles O Comando Nacional dos Banc\u00e1rios, coordenado pela Confedera\u00e7\u00e3o Nacional dos Trabalhadores do Ramo Financeiro (Contraf-CUT), e a Federa\u00e7\u00e3o Nacional dos Bancos (Fenaban) assinaram, nesta segunda-feira (25), um termo aditivo \u00e0 Conven\u00e7\u00e3o [&hellip;]<\/p>\n","protected":false},"author":2,"featured_media":3082,"comment_status":"","ping_status":"","sticky":false,"template":"","format":"standard","meta":{"footnotes":""},"categories":[3],"tags":[],"class_list":["post-3083","post","type-post","status-publish","format-standard","has-post-thumbnail","hentry","category-noticias"],"_links":{"self":[{"href":"https:\/\/hostnetart.com.br\/baixada\/wp-json\/wp\/v2\/posts\/3083","targetHints":{"allow":["GET"]}}],"collection":[{"href":"https:\/\/hostnetart.com.br\/baixada\/wp-json\/wp\/v2\/posts"}],"about":[{"href":"https:\/\/hostnetart.com.br\/baixada\/wp-json\/wp\/v2\/types\/post"}],"author":[{"embeddable":true,"href":"https:\/\/hostnetart.com.br\/baixada\/wp-json\/wp\/v2\/users\/2"}],"replies":[{"embeddable":true,"href":"https:\/\/hostnetart.com.br\/baixada\/wp-json\/wp\/v2\/comments?post=3083"}],"version-history":[{"count":0,"href":"https:\/\/hostnetart.com.br\/baixada\/wp-json\/wp\/v2\/posts\/3083\/revisions"}],"wp:featuredmedia":[{"embeddable":true,"href":"https:\/\/hostnetart.com.br\/baixada\/wp-json\/wp\/v2\/media\/3082"}],"wp:attachment":[{"href":"https:\/\/hostnetart.com.br\/baixada\/wp-json\/wp\/v2\/media?parent=3083"}],"wp:term":[{"taxonomy":"category","embeddable":true,"href":"https:\/\/hostnetart.com.br\/baixada\/wp-json\/wp\/v2\/categories?post=3083"},{"taxonomy":"post_tag","embeddable":true,"href":"https:\/\/hostnetart.com.br\/baixada\/wp-json\/wp\/v2\/tags?post=3083"}],"curies":[{"name":"wp","href":"https:\/\/api.w.org\/{rel}","templated":true}]}}