{"id":3077,"date":"2017-09-25T22:37:42","date_gmt":"2017-09-26T01:37:42","guid":{"rendered":"https:\/\/hostnetart.com.br\/baixada\/bancos-que-semearam-o-golpe-colhem-os-frutos\/"},"modified":"2017-09-25T22:37:42","modified_gmt":"2017-09-26T01:37:42","slug":"bancos-que-semearam-o-golpe-colhem-os-frutos","status":"publish","type":"post","link":"https:\/\/hostnetart.com.br\/baixada\/bancos-que-semearam-o-golpe-colhem-os-frutos\/","title":{"rendered":"Bancos, que semearam o golpe, colhem os frutos"},"content":{"rendered":"<p><em><span style=\"text-decoration: underline;\">Sob o governo ileg\u00edtimo de Temer, a\u00e7\u00f5es do Bradesco crescem 134% e do Ita\u00fa, 95%. Al\u00e9m disso, Carf perdoou d\u00edvidas do Ita\u00fa (R$ 25 bi) e do Santander (R$ 338 mi)<\/span><\/em><\/p>\n<p>Desde o in\u00edcio de 2016, as a\u00e7\u00f5es do Bradesco e do Ita\u00fa na Bovespa cresceram 134% e 95% respectivamente. Muito mais do que nos oito anos anteriores, entre 2007 e 2015, quando as a\u00e7\u00f5es do Bradesco subiram 34% e as do Ita\u00fa, 58%. Os dados foram citados pela revista Carta Capital (edi\u00e7\u00e3o de 20 de setembro), que atribui a valoriza\u00e7\u00e3o dos dois maiores bancos privados do pa\u00eds \u00e0s medidas tomadas ap\u00f3s o golpe que derrubou a presidenta eleita Dilma Rousseff e conduziu Michel Temer \u00e0 Presid\u00eancia da Rep\u00fablica.<\/p>\n<p>Entre os \u201cmimos\u201d de Temer aos bancos, citados pela publica\u00e7\u00e3o, est\u00e3o a recente aprova\u00e7\u00e3o, pela base aliada do governo no Congresso Nacional, da lei que acaba com a TJLP, taxa de juro mais baixa do BNDES para investimentos na ind\u00fastria e infraestrutura; as anunciadas privatiza\u00e7\u00f5es \u2013 um fil\u00e3o para as institui\u00e7\u00f5es financeiras que poder\u00e3o financiar compradores e montar cons\u00f3rcios \u2013; e a reforma da Previd\u00eancia que, se aprovada, empurrar\u00e1 milhares de brasileiros para os planos privados de aposentadoria dos bancos.<\/p>\n<p>A presidenta do Sindicato, Ivone Silva, lembra que os bancos est\u00e3o entre os principais financiadores do impeachment de Dilma Rousseff: \u201cOs banqueiros, assim como a Fiesp e conglomerados de comunica\u00e7\u00e3o como a Globo, estavam entre os principais financiadores do golpe. Agora eles colhem os frutos\u201d.<\/p>\n<p>E critica: &#8220;O fim da CLT e do direito \u00e0 aposentadoria, a amplia\u00e7\u00e3o da terceiriza\u00e7\u00e3o fazem parte do golpe, para aumentar o lucro das empresas e dos bancos, sem se preocupar com a popula\u00e7\u00e3o e o futuro do pa\u00eds&#8221;.<\/p>\n<p>Ivone aponta ainda que a reforma trabalhista, proposta pelo governo e aprovada pelo Congresso em 11 de julho, reduz direitos, barateia os custos da m\u00e3o de obra e \u00e9 uma pauta antiga dos banqueiros. &#8220;A implementa\u00e7\u00e3o de novos modelos de trabalho, muitas vezes esbarravam na prote\u00e7\u00e3o da legisla\u00e7\u00e3o trabalhista e esse era um entrave que os bancos queriam tirar da frente. A &#8216;reforma&#8217; trabalhista acabou com esse modelo das normas de controle de jornada de trabalho, n\u00e3o garantiu que a responsabilidade dos custos de infraestrutura e equipamentos ser\u00e1 do empregador e jogou para o trabalhador a responsabilidade por quest\u00f5es de sa\u00fade e seguran\u00e7a do trabalho. N\u00e3o h\u00e1 d\u00favida de que o sentido de tudo isso \u00e9 a precariza\u00e7\u00e3o das rela\u00e7\u00f5es de trabalho e aumento dos lucros bilion\u00e1rios do setor financeiro.&#8221; <\/p>\n<p>D\u00edvidas perdoadas \u2013 A dirigente destaca tamb\u00e9m, como retribui\u00e7\u00e3o ao apoio do setor financeiro a Temer, o perd\u00e3o de d\u00edvidas milion\u00e1rias pelo Conselho Administrativo de Recursos Fiscais (Carf), \u00f3rg\u00e3o do Minist\u00e9rio da Fazenda. Em 10 de abril, o Carf decidiu perdoar uma d\u00edvida de R$ 25 bilh\u00f5es do Ita\u00fa em Imposto de Renda da Pessoa Jur\u00eddica (IRPJ) e Contribui\u00e7\u00e3o Social sobre o Lucro L\u00edquido (CSLL) na fus\u00e3o com o Unibanco, em 2008.<\/p>\n<p>Em julho, o \u00f3rg\u00e3o perdoou a d\u00edvida de outra grande institui\u00e7\u00e3o financeira: o Santander. O banco espanhol devia aos cofres p\u00fablicos R$ 388 milh\u00f5es tamb\u00e9m em imposto de renda e CSLL, oriundos, nesse caso, da aquisi\u00e7\u00e3o do ABN AMRO, em 2007.<\/p>\n<p>Maior concentra\u00e7\u00e3o de renda \u2013 Em palestra na 19\u00aa Confer\u00eancia Nacional dos Banc\u00e1rios, o diretor t\u00e9cnico do Dieese, o soci\u00f3logo Clemente Ganz L\u00facio, chamou a aten\u00e7\u00e3o para a concentra\u00e7\u00e3o de renda proporcionada pelo governo Temer e seu projeto neoliberal.<\/p>\n<p>Clemente afirmou ainda que esse \u00e9 um fen\u00f4meno mundial: \u201cDe 2008 para c\u00e1, cada vez mais a organiza\u00e7\u00e3o econ\u00f4mica visa gerar formas de transfer\u00eancia de riqueza para os j\u00e1 detentores da riqueza. Nos \u00faltimos 10 anos, 95% da riqueza gerada nos EUA foi transferida para 1% da popula\u00e7\u00e3o, e 50% dos norte-americanos perderam renda. Desde 2008, o capital financeiro tomou a decis\u00e3o de comandar politicamente o mundo\u201d.<\/p>\n<p><strong>Fonte: Seeb SP<\/strong><\/p>\n","protected":false},"excerpt":{"rendered":"<p>Sob o governo ileg\u00edtimo de Temer, a\u00e7\u00f5es do Bradesco crescem 134% e do Ita\u00fa, 95%. Al\u00e9m disso, Carf perdoou d\u00edvidas do Ita\u00fa (R$ 25 bi) e do Santander (R$ 338 mi) Desde o in\u00edcio de 2016, as a\u00e7\u00f5es do Bradesco e do Ita\u00fa na Bovespa cresceram 134% e 95% respectivamente. Muito mais do que nos [&hellip;]<\/p>\n","protected":false},"author":2,"featured_media":3076,"comment_status":"","ping_status":"","sticky":false,"template":"","format":"standard","meta":{"footnotes":""},"categories":[3],"tags":[],"class_list":["post-3077","post","type-post","status-publish","format-standard","has-post-thumbnail","hentry","category-noticias"],"_links":{"self":[{"href":"https:\/\/hostnetart.com.br\/baixada\/wp-json\/wp\/v2\/posts\/3077","targetHints":{"allow":["GET"]}}],"collection":[{"href":"https:\/\/hostnetart.com.br\/baixada\/wp-json\/wp\/v2\/posts"}],"about":[{"href":"https:\/\/hostnetart.com.br\/baixada\/wp-json\/wp\/v2\/types\/post"}],"author":[{"embeddable":true,"href":"https:\/\/hostnetart.com.br\/baixada\/wp-json\/wp\/v2\/users\/2"}],"replies":[{"embeddable":true,"href":"https:\/\/hostnetart.com.br\/baixada\/wp-json\/wp\/v2\/comments?post=3077"}],"version-history":[{"count":0,"href":"https:\/\/hostnetart.com.br\/baixada\/wp-json\/wp\/v2\/posts\/3077\/revisions"}],"wp:featuredmedia":[{"embeddable":true,"href":"https:\/\/hostnetart.com.br\/baixada\/wp-json\/wp\/v2\/media\/3076"}],"wp:attachment":[{"href":"https:\/\/hostnetart.com.br\/baixada\/wp-json\/wp\/v2\/media?parent=3077"}],"wp:term":[{"taxonomy":"category","embeddable":true,"href":"https:\/\/hostnetart.com.br\/baixada\/wp-json\/wp\/v2\/categories?post=3077"},{"taxonomy":"post_tag","embeddable":true,"href":"https:\/\/hostnetart.com.br\/baixada\/wp-json\/wp\/v2\/tags?post=3077"}],"curies":[{"name":"wp","href":"https:\/\/api.w.org\/{rel}","templated":true}]}}