{"id":3075,"date":"2017-09-25T22:33:54","date_gmt":"2017-09-26T01:33:54","guid":{"rendered":"https:\/\/hostnetart.com.br\/baixada\/lancada-frente-parlamentar-em-defesa-dos-bancos-publicos\/"},"modified":"2017-09-25T22:33:54","modified_gmt":"2017-09-26T01:33:54","slug":"lancada-frente-parlamentar-em-defesa-dos-bancos-publicos","status":"publish","type":"post","link":"https:\/\/hostnetart.com.br\/baixada\/lancada-frente-parlamentar-em-defesa-dos-bancos-publicos\/","title":{"rendered":"Lan\u00e7ada Frente Parlamentar em Defesa dos Bancos P\u00fablicos"},"content":{"rendered":"<p>A cerim\u00f4nia de lan\u00e7amento da representa\u00e7\u00e3o da Frente Parlamentar Mista em Defesa dos Bancos P\u00fablicos no Rio de Janeiro, ocorrida na quinta-feira (21), no audit\u00f3rio do Sindicato dos Banc\u00e1rios do Rio de Janeiro, contou com a presen\u00e7a do senador Lindbergh Farias (PT-RJ), presidente da Frente no Congresso Nacional, e dos deputados federais do PT do Rio de Janeiro, Wadih Damous e Luiz S\u00e9rgio. Tamb\u00e9m estavam presentes os deputados estaduais Carlos Minc (sem partido), Paulo Ramos (PSOL-RJ), Gilberto Palmares (PT-RJ), o vereador Reimont (PT), al\u00e9m do presidente da Confedera\u00e7\u00e3o Nacional dos Trabalhadores do Ramo Financeiro (Contraf-CUT), Roberto Von der Osten, e a presidenta do Sindicato dos Banc\u00e1rios do Rio de Janeiro, Adriana Nalesso.<\/p>\n<p>Todos ressaltaram a necessidade de os sindicatos e demais entidades do movimento social ampliarem o di\u00e1logo com a sociedade para alertar sobre as consequ\u00eancias desastrosas que a entrega das empresas p\u00fablicas a grupos privados nacionais e estrangeiros trar\u00e1 para o pa\u00eds. Frisaram que a \u00fanica forma de evitar a entrega destas empresas \u00e9 uma grande mobiliza\u00e7\u00e3o social.<\/p>\n<p>O presidente da Contraf-CUT destacou a import\u00e2ncia da Frente Parlamentar Mista em Defesa dos Bancos P\u00fablicos no Congresso Nacional. \u201cN\u00f3s podemos fazer muita coisa nas ruas para conscientizar a categoria e a sociedade como um todo sobre a import\u00e2ncia dos bancos p\u00fablicos, mas n\u00e3o podemos nos esquecer que \u00e9 l\u00e1 naquela casa, onde j\u00e1 foi aprovada a retirada de direitos dos trabalhadores, onde querem retirar direitos previdenci\u00e1rios, que tamb\u00e9m podem autorizar o desmonte das empresas e a venda de nosso patrim\u00f4nio p\u00fablico\u201d, disse Roberto von der Osten, ressaltando ainda que a elite financeira e industrial est\u00e1 articulada para atacar o patrim\u00f4nio p\u00fablico e a classe trabalhadora.<\/p>\n<p>\u201cAo conversarmos com os trabalhadores banc\u00e1rios de outros pa\u00edses, percebemos que em todos os pa\u00edses est\u00e1 havendo uma retomada do neoliberalismo. Mas, o que surpreende a todos \u00e9 a velocidade e a voracidade com que isso est\u00e1 acontecendo aqui no Brasil, com a entrega da soberania do pa\u00eds. Esse ataque constru\u00eddo no Brasil, al\u00e9m de interesses do empresariado nacional, tem o apoio de for\u00e7as internacionais\u201d, observou o presidente da Contraf-CUT.<\/p>\n<p>Adriana Nalesso lembrou que as empresas p\u00fablicas s\u00e3o as respons\u00e1veis por grandes investimentos na economia e no desenvolvimento nacional. \u201cNo caso espec\u00edfico dos bancos p\u00fablicos, financiam programas sociais, a constru\u00e7\u00e3o de habita\u00e7\u00e3o popular, a amplia\u00e7\u00e3o de pequenas, medias e grandes empresas e ainda o cr\u00e9dito agr\u00edcola. Que grupo privado investir\u00e1 nisso? Eles t\u00eam como objetivo \u00fanico o lucro e n\u00e3o o interesse da sociedade que ser\u00e1 a grande prejudicada com as privatiza\u00e7\u00f5es\u201d, afirmou a presidenta do Sindicato dos Banc\u00e1rios do Rio de Janeiro.<\/p>\n<p>\u201cO desmonte das empresas e especificamente dos bancos p\u00fablicos prejudica a execu\u00e7\u00e3o de pol\u00edticas nas \u00e1reas da habita\u00e7\u00e3o, agricultura familiar e infraestrutura, entre outras \u00e1reas sociais. Assim como eles se uniram para promover os ataques \u00e0s empresas p\u00fablicas e aos direitos dos trabalhadores, tamb\u00e9m temos que chamar o MST, o movimento de moradia e demais movimentos sociais para entrar nesta luta com a gente\u201d, afirmou von der Osten.<\/p>\n<p>Papel da m\u00eddia<br \/>A presidente do Comit\u00ea de Defesa das Empresas P\u00fablicas e banc\u00e1ria da Caixa Econ\u00f4mica Federal, Rita Serrano, destacou o papel da m\u00eddia em passar a ideia de que o que \u00e9 p\u00fablico \u00e9 ruim e que o que \u00e9 o privado \u00e9 bom. Por isto mesmo, defendeu a intensifica\u00e7\u00e3o do di\u00e1logo com a sociedade no sentido de desmistificar este conceito. \u201c\u00c9 preciso dialogar com os diferentes segmentos da sociedade e construir um processo de resist\u00eancia \u00e0s privatiza\u00e7\u00f5es\u201d, defendeu.<\/p>\n<p>Na sua avalia\u00e7\u00e3o, os bancos p\u00fablicos n\u00e3o constam da lista das estatais a serem privatizadas, porque a privatiza\u00e7\u00e3o destas institui\u00e7\u00f5es financeiras se faz atrav\u00e9s da entrega de empresas coligadas e do sucateamento, cedendo, desta forma, espa\u00e7o para a amplia\u00e7\u00e3o dos neg\u00f3cios dos bancos privados. \u201cTemer reduz cada vez mais o papel dos bancos p\u00fablicos, como vem fazendo com a Caixa, o Banco do Brasil e o BNDES, em benef\u00edcio do setor privado\u201d, resumiu.<\/p>\n<p>Leia mais sobre a cerim\u00f4nia no site do Sindicato dos Banc\u00e1rios do Rio de Janeiro.<\/p>\n<p><strong>Fonte: Contraf, com Seeb\/Rio de Janeiro<\/strong><\/p>\n","protected":false},"excerpt":{"rendered":"<p>A cerim\u00f4nia de lan\u00e7amento da representa\u00e7\u00e3o da Frente Parlamentar Mista em Defesa dos Bancos P\u00fablicos no Rio de Janeiro, ocorrida na quinta-feira (21), no audit\u00f3rio do Sindicato dos Banc\u00e1rios do Rio de Janeiro, contou com a presen\u00e7a do senador Lindbergh Farias (PT-RJ), presidente da Frente no Congresso Nacional, e dos deputados federais do PT do [&hellip;]<\/p>\n","protected":false},"author":2,"featured_media":3074,"comment_status":"","ping_status":"","sticky":false,"template":"","format":"standard","meta":{"footnotes":""},"categories":[3],"tags":[],"class_list":["post-3075","post","type-post","status-publish","format-standard","has-post-thumbnail","hentry","category-noticias"],"_links":{"self":[{"href":"https:\/\/hostnetart.com.br\/baixada\/wp-json\/wp\/v2\/posts\/3075","targetHints":{"allow":["GET"]}}],"collection":[{"href":"https:\/\/hostnetart.com.br\/baixada\/wp-json\/wp\/v2\/posts"}],"about":[{"href":"https:\/\/hostnetart.com.br\/baixada\/wp-json\/wp\/v2\/types\/post"}],"author":[{"embeddable":true,"href":"https:\/\/hostnetart.com.br\/baixada\/wp-json\/wp\/v2\/users\/2"}],"replies":[{"embeddable":true,"href":"https:\/\/hostnetart.com.br\/baixada\/wp-json\/wp\/v2\/comments?post=3075"}],"version-history":[{"count":0,"href":"https:\/\/hostnetart.com.br\/baixada\/wp-json\/wp\/v2\/posts\/3075\/revisions"}],"wp:featuredmedia":[{"embeddable":true,"href":"https:\/\/hostnetart.com.br\/baixada\/wp-json\/wp\/v2\/media\/3074"}],"wp:attachment":[{"href":"https:\/\/hostnetart.com.br\/baixada\/wp-json\/wp\/v2\/media?parent=3075"}],"wp:term":[{"taxonomy":"category","embeddable":true,"href":"https:\/\/hostnetart.com.br\/baixada\/wp-json\/wp\/v2\/categories?post=3075"},{"taxonomy":"post_tag","embeddable":true,"href":"https:\/\/hostnetart.com.br\/baixada\/wp-json\/wp\/v2\/tags?post=3075"}],"curies":[{"name":"wp","href":"https:\/\/api.w.org\/{rel}","templated":true}]}}