{"id":3071,"date":"2017-09-22T16:24:32","date_gmt":"2017-09-22T19:24:32","guid":{"rendered":"https:\/\/hostnetart.com.br\/baixada\/superintendencia-da-caixa-se-reune-no-sindicato-dos-bancarios-da-baixada\/"},"modified":"2017-09-22T16:24:32","modified_gmt":"2017-09-22T19:24:32","slug":"superintendencia-da-caixa-se-reune-no-sindicato-dos-bancarios-da-baixada","status":"publish","type":"post","link":"https:\/\/hostnetart.com.br\/baixada\/superintendencia-da-caixa-se-reune-no-sindicato-dos-bancarios-da-baixada\/","title":{"rendered":"Superintend\u00eancia da Caixa se re\u00fane no Sindicato dos Banc\u00e1rios da Baixada"},"content":{"rendered":"<p>Na manh\u00e3 desta sexta-feira, dia 22, o superintendente da Caixa Econ\u00f4mica Federal Domingos e os diretores Augusto e Walesca, reuniram-se no Sindicato dos Banc\u00e1rios da Baixada Fluminense com os coordenadores Alcyon e Pedro e os diretores Guilherme e M\u00e1rcio, onde foi discutido o fechamento da ag\u00eancia Passarela, no Centro de Nova Igua\u00e7u.<\/p>\n<p>Na oportunidade, os diretores do SindBaixada demonstraram insatisfa\u00e7\u00e3o pelo fechamento da ag\u00eancia e, aproveitaram o encontro para a entrega de um abaixo-assinado que j\u00e1 conta com a assinatura de centenas de pessoas contr\u00e1rias ao encerramento das atividades da ag\u00eancia.<\/p>\n","protected":false},"excerpt":{"rendered":"<p>Na manh\u00e3 desta sexta-feira, dia 22, o superintendente da Caixa Econ\u00f4mica Federal Domingos e os diretores Augusto e Walesca, reuniram-se no Sindicato dos Banc\u00e1rios da Baixada Fluminense com os coordenadores Alcyon e Pedro e os diretores Guilherme e M\u00e1rcio, onde foi discutido o fechamento da ag\u00eancia Passarela, no Centro de Nova Igua\u00e7u. Na oportunidade, os [&hellip;]<\/p>\n","protected":false},"author":2,"featured_media":3070,"comment_status":"","ping_status":"","sticky":false,"template":"","format":"standard","meta":{"footnotes":""},"categories":[3],"tags":[],"class_list":["post-3071","post","type-post","status-publish","format-standard","has-post-thumbnail","hentry","category-noticias"],"_links":{"self":[{"href":"https:\/\/hostnetart.com.br\/baixada\/wp-json\/wp\/v2\/posts\/3071","targetHints":{"allow":["GET"]}}],"collection":[{"href":"https:\/\/hostnetart.com.br\/baixada\/wp-json\/wp\/v2\/posts"}],"about":[{"href":"https:\/\/hostnetart.com.br\/baixada\/wp-json\/wp\/v2\/types\/post"}],"author":[{"embeddable":true,"href":"https:\/\/hostnetart.com.br\/baixada\/wp-json\/wp\/v2\/users\/2"}],"replies":[{"embeddable":true,"href":"https:\/\/hostnetart.com.br\/baixada\/wp-json\/wp\/v2\/comments?post=3071"}],"version-history":[{"count":0,"href":"https:\/\/hostnetart.com.br\/baixada\/wp-json\/wp\/v2\/posts\/3071\/revisions"}],"wp:featuredmedia":[{"embeddable":true,"href":"https:\/\/hostnetart.com.br\/baixada\/wp-json\/wp\/v2\/media\/3070"}],"wp:attachment":[{"href":"https:\/\/hostnetart.com.br\/baixada\/wp-json\/wp\/v2\/media?parent=3071"}],"wp:term":[{"taxonomy":"category","embeddable":true,"href":"https:\/\/hostnetart.com.br\/baixada\/wp-json\/wp\/v2\/categories?post=3071"},{"taxonomy":"post_tag","embeddable":true,"href":"https:\/\/hostnetart.com.br\/baixada\/wp-json\/wp\/v2\/tags?post=3071"}],"curies":[{"name":"wp","href":"https:\/\/api.w.org\/{rel}","templated":true}]}}