{"id":3067,"date":"2017-09-22T14:13:33","date_gmt":"2017-09-22T17:13:33","guid":{"rendered":"https:\/\/hostnetart.com.br\/baixada\/hoje-tem-negociacao-do-instrumento-de-prevencao-e-combate-ao-assedio-moral\/"},"modified":"2017-09-22T14:13:33","modified_gmt":"2017-09-22T17:13:33","slug":"hoje-tem-negociacao-do-instrumento-de-prevencao-e-combate-ao-assedio-moral","status":"publish","type":"post","link":"https:\/\/hostnetart.com.br\/baixada\/hoje-tem-negociacao-do-instrumento-de-prevencao-e-combate-ao-assedio-moral\/","title":{"rendered":"Hoje tem negocia\u00e7\u00e3o do instrumento de preven\u00e7\u00e3o e combate ao ass\u00e9dio moral"},"content":{"rendered":"<p>O Coletivo Nacional de Sa\u00fade do Trabalhador da Confedera\u00e7\u00e3o Nacional dos Trabalhadores do Ramo Financeiro (Contraf-CUT) vai se reunir com a Federa\u00e7\u00e3o Nacional dos Bancos (Fenaban) na sexta-feira (22), a partir das 15h, para dar continuidade \u00e0s negocia\u00e7\u00f5es sobre o Protocolo Para Preven\u00e7\u00e3o de Conflitos no Ambiente de Trabalho, previsto na cl\u00e1usula 58 da Conven\u00e7\u00e3o Coletiva de Trabalho dos banc\u00e1rios.<\/p>\n<p>\u201cQueremos negociar o aprimoramento do instrumento, tornando-o mais efetivo, transformando os ambientes de trabalho em ambientes saud\u00e1veis, livre do ass\u00e9dio moral, adoecimentos e acidentes de trabalhos. Por isso, reivindicamos a redu\u00e7\u00e3o dos prazos de apura\u00e7\u00e3o de den\u00fancias, dos atuais 45 dias para 30 dias\u201d, diz Walcir Previtale, secret\u00e1rio de Sa\u00fade do Trabalhador da Contraf-CUT.<\/p>\n<p>Para cumprir o prop\u00f3sito da cl\u00e1usula 58 da Conven\u00e7\u00e3o Coletiva de Trabalho (CCT), ou seja, o estabelecimento de pol\u00edticas de preven\u00e7\u00e3o negociadas, os representantes dos trabalhadores prop\u00f5em a estratifica\u00e7\u00e3o das den\u00fancias que passam pelos canais internos dos bancos. \u201cEssa estratifica\u00e7\u00e3o \u00e9 necess\u00e1ria para melhor compreens\u00e3o do instrumento e visualiza\u00e7\u00e3o dos problemas que causam distor\u00e7\u00f5es nas rela\u00e7\u00f5es de trabalho, degradando as condi\u00e7\u00f5es e ambiente de trabalho\u201d, explicou o secret\u00e1rio de Sa\u00fade do Trabalhador da Contraf-CUT.<\/p>\n<p><strong>Fonte: Contraf-CUT<\/strong><\/p>\n","protected":false},"excerpt":{"rendered":"<p>O Coletivo Nacional de Sa\u00fade do Trabalhador da Confedera\u00e7\u00e3o Nacional dos Trabalhadores do Ramo Financeiro (Contraf-CUT) vai se reunir com a Federa\u00e7\u00e3o Nacional dos Bancos (Fenaban) na sexta-feira (22), a partir das 15h, para dar continuidade \u00e0s negocia\u00e7\u00f5es sobre o Protocolo Para Preven\u00e7\u00e3o de Conflitos no Ambiente de Trabalho, previsto na cl\u00e1usula 58 da Conven\u00e7\u00e3o [&hellip;]<\/p>\n","protected":false},"author":2,"featured_media":3066,"comment_status":"","ping_status":"","sticky":false,"template":"","format":"standard","meta":{"footnotes":""},"categories":[3],"tags":[],"class_list":["post-3067","post","type-post","status-publish","format-standard","has-post-thumbnail","hentry","category-noticias"],"_links":{"self":[{"href":"https:\/\/hostnetart.com.br\/baixada\/wp-json\/wp\/v2\/posts\/3067","targetHints":{"allow":["GET"]}}],"collection":[{"href":"https:\/\/hostnetart.com.br\/baixada\/wp-json\/wp\/v2\/posts"}],"about":[{"href":"https:\/\/hostnetart.com.br\/baixada\/wp-json\/wp\/v2\/types\/post"}],"author":[{"embeddable":true,"href":"https:\/\/hostnetart.com.br\/baixada\/wp-json\/wp\/v2\/users\/2"}],"replies":[{"embeddable":true,"href":"https:\/\/hostnetart.com.br\/baixada\/wp-json\/wp\/v2\/comments?post=3067"}],"version-history":[{"count":0,"href":"https:\/\/hostnetart.com.br\/baixada\/wp-json\/wp\/v2\/posts\/3067\/revisions"}],"wp:featuredmedia":[{"embeddable":true,"href":"https:\/\/hostnetart.com.br\/baixada\/wp-json\/wp\/v2\/media\/3066"}],"wp:attachment":[{"href":"https:\/\/hostnetart.com.br\/baixada\/wp-json\/wp\/v2\/media?parent=3067"}],"wp:term":[{"taxonomy":"category","embeddable":true,"href":"https:\/\/hostnetart.com.br\/baixada\/wp-json\/wp\/v2\/categories?post=3067"},{"taxonomy":"post_tag","embeddable":true,"href":"https:\/\/hostnetart.com.br\/baixada\/wp-json\/wp\/v2\/tags?post=3067"}],"curies":[{"name":"wp","href":"https:\/\/api.w.org\/{rel}","templated":true}]}}