{"id":3065,"date":"2017-09-22T14:12:00","date_gmt":"2017-09-22T17:12:00","guid":{"rendered":"https:\/\/hostnetart.com.br\/baixada\/cdn-da-fenae-aprova-mobilizacao-em-defesa-da-funcef-e-dos-participantes\/"},"modified":"2017-09-22T14:12:00","modified_gmt":"2017-09-22T17:12:00","slug":"cdn-da-fenae-aprova-mobilizacao-em-defesa-da-funcef-e-dos-participantes","status":"publish","type":"post","link":"https:\/\/hostnetart.com.br\/baixada\/cdn-da-fenae-aprova-mobilizacao-em-defesa-da-funcef-e-dos-participantes\/","title":{"rendered":"CDN da Fenae aprova mobiliza\u00e7\u00e3o em defesa da Funcef e dos participantes"},"content":{"rendered":"<p><em><span style=\"text-decoration: underline;\">De acordo com a proposta endossada pelos representantes das Apcefs, dia nacional de luta vai cobrar o pagamento do contencioso e repudiar o PLP 268<\/span><\/em><\/p>\n<p>Conforme noticiado pela Fenae no dia 11 de setembro, o Conselho Deliberativo Nacional da Fenae, formado por representantes das 27 Apcefs do pa\u00eds, deliberou nesta quinta-feira (21) a realiza\u00e7\u00e3o do \u201cDia Nacional de Luta em Defesa da Funcef pelo Pagamento do Contencioso e Contra o PLP 268\u201d.<\/p>\n<p>A proposta de mobiliza\u00e7\u00e3o foi aprovada, com indicativo para que ocorra em 18 de outubro, mas a defini\u00e7\u00e3o da data ser\u00e1 feita em conjunto com a Comiss\u00e3o Executiva dos Empregados (CEE\/Caixa), que assessora a Contraf-CUT.<\/p>\n<p>Leia na \u00edntegra aqui. <\/p>\n<p><strong>Fonte: Fenae<\/strong><\/p>\n","protected":false},"excerpt":{"rendered":"<p>De acordo com a proposta endossada pelos representantes das Apcefs, dia nacional de luta vai cobrar o pagamento do contencioso e repudiar o PLP 268 Conforme noticiado pela Fenae no dia 11 de setembro, o Conselho Deliberativo Nacional da Fenae, formado por representantes das 27 Apcefs do pa\u00eds, deliberou nesta quinta-feira (21) a realiza\u00e7\u00e3o do [&hellip;]<\/p>\n","protected":false},"author":2,"featured_media":3064,"comment_status":"","ping_status":"","sticky":false,"template":"","format":"standard","meta":{"footnotes":""},"categories":[3],"tags":[],"class_list":["post-3065","post","type-post","status-publish","format-standard","has-post-thumbnail","hentry","category-noticias"],"_links":{"self":[{"href":"https:\/\/hostnetart.com.br\/baixada\/wp-json\/wp\/v2\/posts\/3065","targetHints":{"allow":["GET"]}}],"collection":[{"href":"https:\/\/hostnetart.com.br\/baixada\/wp-json\/wp\/v2\/posts"}],"about":[{"href":"https:\/\/hostnetart.com.br\/baixada\/wp-json\/wp\/v2\/types\/post"}],"author":[{"embeddable":true,"href":"https:\/\/hostnetart.com.br\/baixada\/wp-json\/wp\/v2\/users\/2"}],"replies":[{"embeddable":true,"href":"https:\/\/hostnetart.com.br\/baixada\/wp-json\/wp\/v2\/comments?post=3065"}],"version-history":[{"count":0,"href":"https:\/\/hostnetart.com.br\/baixada\/wp-json\/wp\/v2\/posts\/3065\/revisions"}],"wp:featuredmedia":[{"embeddable":true,"href":"https:\/\/hostnetart.com.br\/baixada\/wp-json\/wp\/v2\/media\/3064"}],"wp:attachment":[{"href":"https:\/\/hostnetart.com.br\/baixada\/wp-json\/wp\/v2\/media?parent=3065"}],"wp:term":[{"taxonomy":"category","embeddable":true,"href":"https:\/\/hostnetart.com.br\/baixada\/wp-json\/wp\/v2\/categories?post=3065"},{"taxonomy":"post_tag","embeddable":true,"href":"https:\/\/hostnetart.com.br\/baixada\/wp-json\/wp\/v2\/tags?post=3065"}],"curies":[{"name":"wp","href":"https:\/\/api.w.org\/{rel}","templated":true}]}}