{"id":3061,"date":"2017-09-22T14:07:53","date_gmt":"2017-09-22T17:07:53","guid":{"rendered":"https:\/\/hostnetart.com.br\/baixada\/trabalhadores-com-deficiencia-alertam-para-dificuldade-de-acesso-ao-mercado-de-trabalho\/"},"modified":"2017-09-22T14:07:53","modified_gmt":"2017-09-22T17:07:53","slug":"trabalhadores-com-deficiencia-alertam-para-dificuldade-de-acesso-ao-mercado-de-trabalho","status":"publish","type":"post","link":"https:\/\/hostnetart.com.br\/baixada\/trabalhadores-com-deficiencia-alertam-para-dificuldade-de-acesso-ao-mercado-de-trabalho\/","title":{"rendered":"Trabalhadores com defici\u00eancia alertam para dificuldade de acesso ao mercado de trabalho"},"content":{"rendered":"<p>Come\u00e7ou nesta quinta-feira (21), em S\u00e3o Paulo, o 4\u00ba Encontro Nacional dos Trabalhadores e das Trabalhadoras com Defici\u00eancia da Central \u00danica dos Trablhadores (CUT). A atividade seguir\u00e1 at\u00e9 o pr\u00f3ximo s\u00e1bado (23).<\/p>\n<p>\u201cO golpe segue em curso, a terceiriza\u00e7\u00e3o e a Reforma Trabalhista v\u00e3o atingir os setores mais vulner\u00e1veis da classe trabalhadora, isso inclui os trabalhadores com defici\u00eancia. Por isso, momentos como este s\u00e3o importantes, quando nos reunimos e organizamos a resist\u00eancia\u201d, afirmou Jandyra Uehara, secret\u00e1ria nacional de Pol\u00edticas Sociais e Direitos Humanos da CUT, Jandyra.<\/p>\n<p>Anaildes Sena, coordenadora do Coletivo Nacional dos Trabalhadores e das Trabalhadoras com Defici\u00eancia da CUT destacou que o preconceito ainda impera na sociedade brasileira. \u201cA pessoa com defici\u00eancia \u00e9 vista apenas como um problema de sa\u00fade, n\u00e3o conseguimos avan\u00e7ar. Ainda nos enxergam como \u2018coitadinhos\u2019, mas a Constitui\u00e7\u00e3o de 88 nos empodera\u201d, explicou.<\/p>\n<p>Durante o encontro, o Departamento Intersindical de Estat\u00edstica e Estudos Socioecon\u00f4micos (Dieese) apresentou o estudo \u201cDesafios para a inclus\u00e3o das pessoas com defici\u00eancia no mercado de trabalho\u201d.<\/p>\n<p>De acordo com o Censo 2010, o Brasil possui 45,6 milh\u00f5es de pessoas com algum tipo de defici\u00eancia. Destes, apenas 13,6% s\u00e3o economicamente ativa. \u201cA concep\u00e7\u00e3o neo-liberal, que tem avan\u00e7ado no mundo, pede um Estado m\u00ednimo e isso impacta diretamente as pol\u00edticas p\u00fablicas, excluindo setores vulner\u00e1veis. Recentemente, por exemplo, Michel Temer (presidente ileg\u00edtimo do Brasil) cortou verbas para creches para crian\u00e7as com defici\u00eancia\u201d, afirmou Adriana Marcolino, economista do Dieese.<\/p>\n<p>Mesmo com amparo da lei que determina cotas para trabalhadores com defici\u00eancia em empresas com mais de 100 funcion\u00e1rios, apenas 403 mil postos de trabalho eram ocupados por pessoas com algum tipo de defici\u00eancia, mostrou o relat\u00f3rio organizado pelo Dieese.<\/p>\n<p>Ao final, Adriana apresentou algumas medidas que podem cooperar para a inclus\u00e3o de trabalhadores com defici\u00eancia no mercado. A\u00e7\u00e3o de desconstru\u00e7\u00e3o de preconceito; Garantia de ambiente de trabalho acess\u00edvel; Cumprimento da Lei de Cotas; Aproxima\u00e7\u00e3o de outros movimentos, principalmente de mulheres organizadas, entre outros.<\/p>\n<p>Mais informa\u00e7\u00f5es no site do CUT.<\/p>\n<p><strong>Fonte: Contraf-CUT<\/strong><\/p>\n","protected":false},"excerpt":{"rendered":"<p>Come\u00e7ou nesta quinta-feira (21), em S\u00e3o Paulo, o 4\u00ba Encontro Nacional dos Trabalhadores e das Trabalhadoras com Defici\u00eancia da Central \u00danica dos Trablhadores (CUT). A atividade seguir\u00e1 at\u00e9 o pr\u00f3ximo s\u00e1bado (23). \u201cO golpe segue em curso, a terceiriza\u00e7\u00e3o e a Reforma Trabalhista v\u00e3o atingir os setores mais vulner\u00e1veis da classe trabalhadora, isso inclui os [&hellip;]<\/p>\n","protected":false},"author":2,"featured_media":3060,"comment_status":"","ping_status":"","sticky":false,"template":"","format":"standard","meta":{"footnotes":""},"categories":[3],"tags":[],"class_list":["post-3061","post","type-post","status-publish","format-standard","has-post-thumbnail","hentry","category-noticias"],"_links":{"self":[{"href":"https:\/\/hostnetart.com.br\/baixada\/wp-json\/wp\/v2\/posts\/3061","targetHints":{"allow":["GET"]}}],"collection":[{"href":"https:\/\/hostnetart.com.br\/baixada\/wp-json\/wp\/v2\/posts"}],"about":[{"href":"https:\/\/hostnetart.com.br\/baixada\/wp-json\/wp\/v2\/types\/post"}],"author":[{"embeddable":true,"href":"https:\/\/hostnetart.com.br\/baixada\/wp-json\/wp\/v2\/users\/2"}],"replies":[{"embeddable":true,"href":"https:\/\/hostnetart.com.br\/baixada\/wp-json\/wp\/v2\/comments?post=3061"}],"version-history":[{"count":0,"href":"https:\/\/hostnetart.com.br\/baixada\/wp-json\/wp\/v2\/posts\/3061\/revisions"}],"wp:featuredmedia":[{"embeddable":true,"href":"https:\/\/hostnetart.com.br\/baixada\/wp-json\/wp\/v2\/media\/3060"}],"wp:attachment":[{"href":"https:\/\/hostnetart.com.br\/baixada\/wp-json\/wp\/v2\/media?parent=3061"}],"wp:term":[{"taxonomy":"category","embeddable":true,"href":"https:\/\/hostnetart.com.br\/baixada\/wp-json\/wp\/v2\/categories?post=3061"},{"taxonomy":"post_tag","embeddable":true,"href":"https:\/\/hostnetart.com.br\/baixada\/wp-json\/wp\/v2\/tags?post=3061"}],"curies":[{"name":"wp","href":"https:\/\/api.w.org\/{rel}","templated":true}]}}