{"id":3059,"date":"2017-09-22T14:01:48","date_gmt":"2017-09-22T17:01:48","guid":{"rendered":"https:\/\/hostnetart.com.br\/baixada\/contraf-cut-participa-de-lancamento-da-frente-parlamentar-mista-em-defesa-dos-bancos-publicos-no-rj\/"},"modified":"2017-09-22T14:01:48","modified_gmt":"2017-09-22T17:01:48","slug":"contraf-cut-participa-de-lancamento-da-frente-parlamentar-mista-em-defesa-dos-bancos-publicos-no-rj","status":"publish","type":"post","link":"https:\/\/hostnetart.com.br\/baixada\/contraf-cut-participa-de-lancamento-da-frente-parlamentar-mista-em-defesa-dos-bancos-publicos-no-rj\/","title":{"rendered":"Contraf-CUT participa de Lan\u00e7amento da Frente Parlamentar Mista em Defesa dos Bancos P\u00fablicos no RJ"},"content":{"rendered":"<p>A Confedera\u00e7\u00e3o Nacional dos Trabalhadores do Ramo Financeiro (Contraf-CUT) participar\u00e1, nesta quinta-feira (21), do lan\u00e7amento da Frente Parlamentar Mista em Defesa dos Bancos P\u00fablicos. A audi\u00eancia p\u00fablica ser\u00e1 realizada a partir das 18h, no audit\u00f3rio do Sindicato dos Banc\u00e1rios do Rio de Janeiro.<\/p>\n<p>O objetivo da cria\u00e7\u00e3o do movimento \u00e9 de intensificar o debate com os trabalhadores da categoria banc\u00e1ria e com a sociedade sobre a pol\u00edtica de desmonte dos bancos p\u00fablicos, imposta pelo governo de Michel Temer, que quer retomar o projeto de privatiza\u00e7\u00f5es.<\/p>\n<p>O evento contar\u00e1 com a presen\u00e7a do presidente da Contraf-CUT, Roberto von der Osten, e de representantes do estado, como o senador, Lindbergh Farias, dos Deputados Federais, Regina Ferghali, Luis S\u00e9rgio, Jean Willys e Wadih Damous, dos deputados estaduais, Gilberto Palmares e Carlos Minc, e do vereador Reimont Otoni.<\/p>\n<p><strong>Fonte: Contraf-CUT<\/strong><\/p>\n","protected":false},"excerpt":{"rendered":"<p>A Confedera\u00e7\u00e3o Nacional dos Trabalhadores do Ramo Financeiro (Contraf-CUT) participar\u00e1, nesta quinta-feira (21), do lan\u00e7amento da Frente Parlamentar Mista em Defesa dos Bancos P\u00fablicos. A audi\u00eancia p\u00fablica ser\u00e1 realizada a partir das 18h, no audit\u00f3rio do Sindicato dos Banc\u00e1rios do Rio de Janeiro. O objetivo da cria\u00e7\u00e3o do movimento \u00e9 de intensificar o debate com [&hellip;]<\/p>\n","protected":false},"author":2,"featured_media":3058,"comment_status":"","ping_status":"","sticky":false,"template":"","format":"standard","meta":{"footnotes":""},"categories":[3],"tags":[],"class_list":["post-3059","post","type-post","status-publish","format-standard","has-post-thumbnail","hentry","category-noticias"],"_links":{"self":[{"href":"https:\/\/hostnetart.com.br\/baixada\/wp-json\/wp\/v2\/posts\/3059","targetHints":{"allow":["GET"]}}],"collection":[{"href":"https:\/\/hostnetart.com.br\/baixada\/wp-json\/wp\/v2\/posts"}],"about":[{"href":"https:\/\/hostnetart.com.br\/baixada\/wp-json\/wp\/v2\/types\/post"}],"author":[{"embeddable":true,"href":"https:\/\/hostnetart.com.br\/baixada\/wp-json\/wp\/v2\/users\/2"}],"replies":[{"embeddable":true,"href":"https:\/\/hostnetart.com.br\/baixada\/wp-json\/wp\/v2\/comments?post=3059"}],"version-history":[{"count":0,"href":"https:\/\/hostnetart.com.br\/baixada\/wp-json\/wp\/v2\/posts\/3059\/revisions"}],"wp:featuredmedia":[{"embeddable":true,"href":"https:\/\/hostnetart.com.br\/baixada\/wp-json\/wp\/v2\/media\/3058"}],"wp:attachment":[{"href":"https:\/\/hostnetart.com.br\/baixada\/wp-json\/wp\/v2\/media?parent=3059"}],"wp:term":[{"taxonomy":"category","embeddable":true,"href":"https:\/\/hostnetart.com.br\/baixada\/wp-json\/wp\/v2\/categories?post=3059"},{"taxonomy":"post_tag","embeddable":true,"href":"https:\/\/hostnetart.com.br\/baixada\/wp-json\/wp\/v2\/tags?post=3059"}],"curies":[{"name":"wp","href":"https:\/\/api.w.org\/{rel}","templated":true}]}}