{"id":3057,"date":"2017-09-21T15:12:16","date_gmt":"2017-09-21T18:12:16","guid":{"rendered":"https:\/\/hostnetart.com.br\/baixada\/delegados-sindicais-da-caixa-e-do-bb-tomam-posse\/"},"modified":"2017-09-21T15:12:16","modified_gmt":"2017-09-21T18:12:16","slug":"delegados-sindicais-da-caixa-e-do-bb-tomam-posse","status":"publish","type":"post","link":"https:\/\/hostnetart.com.br\/baixada\/delegados-sindicais-da-caixa-e-do-bb-tomam-posse\/","title":{"rendered":"Delegados sindicais da Caixa e do BB tomam posse"},"content":{"rendered":"<p>O presidente da Contraf-CUT, Roberto von der Osten, participou, nesta segunda-feira (18), da cerim\u00f4nia de posse para o mandato de um ano das delegadas e dos delegados da Caixa e do Banco do Brasil eleitos. O evento foi sucedido de um semin\u00e1rio sobre reformas trabalhista e da Previd\u00eancia, a infla\u00e7\u00e3o e a organiza\u00e7\u00e3o nacional da categoria.<\/p>\n<p>\u00a0O presidente da Contraf-CUT, Roberto Von der Osten, realizou um panorama hist\u00f3rico da constru\u00e7\u00e3o do movimento banc\u00e1rio no Brasil e da cria\u00e7\u00e3o do Comando Nacional dos Banc\u00e1rios, respons\u00e1vel hoje pelas negocia\u00e7\u00f5es com os bancos. Neste sentido, um ano importante para a categoria foi 1985, quando surgiu a primeira Comiss\u00e3o Nacional de Negocia\u00e7\u00f5es e tamb\u00e9m o Departamento Nacional dos Banc\u00e1rios da CUT (DNB-CUT).<\/p>\n<p>Desde ent\u00e3o, banc\u00e1rias e banc\u00e1rios v\u00eam se organizando e garantindo diversas conquistas, como a campanha nacional unificada, a Conven\u00e7\u00e3o Coletiva de Trabalho, a cria\u00e7\u00e3o da Contraf-CUT e a organiza\u00e7\u00e3o do Comando Nacional dos Banc\u00e1rios, entidade democr\u00e1tica que conta com diferentes tend\u00eancias pol\u00edticas e representa 95% dos banc\u00e1rios do Brasil.<\/p>\n<p>O presidente da Contraf tamb\u00e9m falou a delegados e delegadas sobre o processo de negocia\u00e7\u00e3o, a constru\u00e7\u00e3o das mesas tem\u00e1ticas e tamb\u00e9m do processo democr\u00e1tico de decis\u00e3o nas assembleias realizadas pelos sindicatos.<\/p>\n<p>\u201cNenhum outro movimento de trabalhadores no Brasil tem a capacidade de organiza\u00e7\u00e3o e mobiliza\u00e7\u00e3o nacional que n\u00f3s temos. Diante de todas as dificuldades e da conjuntura de amea\u00e7as que enfrentamos, vamos nos mobilizar para defender nossos direitos. S\u00f3 a luta nos garante\u201d, afirmou Roberto Von der Osten.<\/p>\n<p><strong>Fonte: Contraf-CUT<\/strong><\/p>\n","protected":false},"excerpt":{"rendered":"<p>O presidente da Contraf-CUT, Roberto von der Osten, participou, nesta segunda-feira (18), da cerim\u00f4nia de posse para o mandato de um ano das delegadas e dos delegados da Caixa e do Banco do Brasil eleitos. O evento foi sucedido de um semin\u00e1rio sobre reformas trabalhista e da Previd\u00eancia, a infla\u00e7\u00e3o e a organiza\u00e7\u00e3o nacional da [&hellip;]<\/p>\n","protected":false},"author":2,"featured_media":3056,"comment_status":"","ping_status":"","sticky":false,"template":"","format":"standard","meta":{"footnotes":""},"categories":[3],"tags":[],"class_list":["post-3057","post","type-post","status-publish","format-standard","has-post-thumbnail","hentry","category-noticias"],"_links":{"self":[{"href":"https:\/\/hostnetart.com.br\/baixada\/wp-json\/wp\/v2\/posts\/3057","targetHints":{"allow":["GET"]}}],"collection":[{"href":"https:\/\/hostnetart.com.br\/baixada\/wp-json\/wp\/v2\/posts"}],"about":[{"href":"https:\/\/hostnetart.com.br\/baixada\/wp-json\/wp\/v2\/types\/post"}],"author":[{"embeddable":true,"href":"https:\/\/hostnetart.com.br\/baixada\/wp-json\/wp\/v2\/users\/2"}],"replies":[{"embeddable":true,"href":"https:\/\/hostnetart.com.br\/baixada\/wp-json\/wp\/v2\/comments?post=3057"}],"version-history":[{"count":0,"href":"https:\/\/hostnetart.com.br\/baixada\/wp-json\/wp\/v2\/posts\/3057\/revisions"}],"wp:featuredmedia":[{"embeddable":true,"href":"https:\/\/hostnetart.com.br\/baixada\/wp-json\/wp\/v2\/media\/3056"}],"wp:attachment":[{"href":"https:\/\/hostnetart.com.br\/baixada\/wp-json\/wp\/v2\/media?parent=3057"}],"wp:term":[{"taxonomy":"category","embeddable":true,"href":"https:\/\/hostnetart.com.br\/baixada\/wp-json\/wp\/v2\/categories?post=3057"},{"taxonomy":"post_tag","embeddable":true,"href":"https:\/\/hostnetart.com.br\/baixada\/wp-json\/wp\/v2\/tags?post=3057"}],"curies":[{"name":"wp","href":"https:\/\/api.w.org\/{rel}","templated":true}]}}