{"id":3055,"date":"2017-09-21T14:51:51","date_gmt":"2017-09-21T17:51:51","guid":{"rendered":"https:\/\/hostnetart.com.br\/baixada\/sindbaixada-presente-no-debate-a-reforma-da-previdencia-e-seus-impactos-para-a-classe-trabalhadora\/"},"modified":"2017-09-21T14:51:51","modified_gmt":"2017-09-21T17:51:51","slug":"sindbaixada-presente-no-debate-a-reforma-da-previdencia-e-seus-impactos-para-a-classe-trabalhadora","status":"publish","type":"post","link":"https:\/\/hostnetart.com.br\/baixada\/sindbaixada-presente-no-debate-a-reforma-da-previdencia-e-seus-impactos-para-a-classe-trabalhadora\/","title":{"rendered":"SindBaixada presente no debate &#8220;A reforma da previd\u00eancia e seus impactos para a classe trabalhadora&#8221;"},"content":{"rendered":"<p>O Sindicato dos Banc\u00e1rios da Baixada Fluminense, na figura dos diretores Renata Soeiro, Rosangela Gon\u00e7alves\u00a0 e Marcelo de Oliveira, estiverem presentes na Fetraf-RJ\/ES, que realizou ontem, dia 20, o debate <em>A reforma da previd\u00eancia e seus impactos para a classe trabalhadora<\/em>. A palestrante convidada foi a Professora Doutora Denise Gentil Lobato, do Instituto de Economia da UFRJ, que \u00e9 \u00a0pesquisadora na \u00e1rea de Economia do Setor P\u00fablico e Macroeconomia, com concentra\u00e7\u00e3o em Pol\u00edtica Fiscal e Seguridade Social.<\/p>\n","protected":false},"excerpt":{"rendered":"<p>O Sindicato dos Banc\u00e1rios da Baixada Fluminense, na figura dos diretores Renata Soeiro, Rosangela Gon\u00e7alves\u00a0 e Marcelo de Oliveira, estiverem presentes na Fetraf-RJ\/ES, que realizou ontem, dia 20, o debate A reforma da previd\u00eancia e seus impactos para a classe trabalhadora. A palestrante convidada foi a Professora Doutora Denise Gentil Lobato, do Instituto de Economia [&hellip;]<\/p>\n","protected":false},"author":2,"featured_media":3054,"comment_status":"","ping_status":"","sticky":false,"template":"","format":"standard","meta":{"footnotes":""},"categories":[3],"tags":[],"class_list":["post-3055","post","type-post","status-publish","format-standard","has-post-thumbnail","hentry","category-noticias"],"_links":{"self":[{"href":"https:\/\/hostnetart.com.br\/baixada\/wp-json\/wp\/v2\/posts\/3055","targetHints":{"allow":["GET"]}}],"collection":[{"href":"https:\/\/hostnetart.com.br\/baixada\/wp-json\/wp\/v2\/posts"}],"about":[{"href":"https:\/\/hostnetart.com.br\/baixada\/wp-json\/wp\/v2\/types\/post"}],"author":[{"embeddable":true,"href":"https:\/\/hostnetart.com.br\/baixada\/wp-json\/wp\/v2\/users\/2"}],"replies":[{"embeddable":true,"href":"https:\/\/hostnetart.com.br\/baixada\/wp-json\/wp\/v2\/comments?post=3055"}],"version-history":[{"count":0,"href":"https:\/\/hostnetart.com.br\/baixada\/wp-json\/wp\/v2\/posts\/3055\/revisions"}],"wp:featuredmedia":[{"embeddable":true,"href":"https:\/\/hostnetart.com.br\/baixada\/wp-json\/wp\/v2\/media\/3054"}],"wp:attachment":[{"href":"https:\/\/hostnetart.com.br\/baixada\/wp-json\/wp\/v2\/media?parent=3055"}],"wp:term":[{"taxonomy":"category","embeddable":true,"href":"https:\/\/hostnetart.com.br\/baixada\/wp-json\/wp\/v2\/categories?post=3055"},{"taxonomy":"post_tag","embeddable":true,"href":"https:\/\/hostnetart.com.br\/baixada\/wp-json\/wp\/v2\/tags?post=3055"}],"curies":[{"name":"wp","href":"https:\/\/api.w.org\/{rel}","templated":true}]}}