{"id":3053,"date":"2017-09-20T15:38:39","date_gmt":"2017-09-20T18:38:39","guid":{"rendered":"https:\/\/hostnetart.com.br\/baixada\/citibank-pagara-plr-no-dia-28\/"},"modified":"2017-09-20T15:38:39","modified_gmt":"2017-09-20T18:38:39","slug":"citibank-pagara-plr-no-dia-28","status":"publish","type":"post","link":"https:\/\/hostnetart.com.br\/baixada\/citibank-pagara-plr-no-dia-28\/","title":{"rendered":"Citibank pagar\u00e1 PLR no dia 28"},"content":{"rendered":"<p><em><span style=\"text-decoration: underline;\">Contraf-CUT inicia negocia\u00e7\u00f5es sobre adicional do Programa Pr\u00f3prio de Remunera\u00e7\u00e3o (PPR) do banco<\/span><\/em><\/p>\n<p>O Citibank comunicou \u00e0 Confedera\u00e7\u00e3o dos Trabalhadores do Ramo Financeiro (Contraf-CUT) que realizar\u00e1 o pagamento da primeira parcela da Participa\u00e7\u00e3o nos Lucros e\/ou Resultados aos seus funcion\u00e1rios no dia 28 de setembro. De acordo com a Conven\u00e7\u00e3o Coletiva de Trabalho (CCT) da categoria, o banco teria at\u00e9 o dia 30\/9 para efetuar o pagamento.<\/p>\n<p>A Contraf-CUT est\u00e1 iniciando negocia\u00e7\u00f5es com o banco sobre o Programa Pr\u00f3prio de Remunera\u00e7\u00e3o (PPR). Os valores da PPR ser\u00e3o pagos juntamente com a segunda parcela da PLR, em data estabelecida na CCT.<\/p>\n<p><strong>Fonte: Contraf-CUT<\/strong><\/p>\n","protected":false},"excerpt":{"rendered":"<p>Contraf-CUT inicia negocia\u00e7\u00f5es sobre adicional do Programa Pr\u00f3prio de Remunera\u00e7\u00e3o (PPR) do banco O Citibank comunicou \u00e0 Confedera\u00e7\u00e3o dos Trabalhadores do Ramo Financeiro (Contraf-CUT) que realizar\u00e1 o pagamento da primeira parcela da Participa\u00e7\u00e3o nos Lucros e\/ou Resultados aos seus funcion\u00e1rios no dia 28 de setembro. De acordo com a Conven\u00e7\u00e3o Coletiva de Trabalho (CCT) da [&hellip;]<\/p>\n","protected":false},"author":2,"featured_media":3052,"comment_status":"","ping_status":"","sticky":false,"template":"","format":"standard","meta":{"footnotes":""},"categories":[3],"tags":[],"class_list":["post-3053","post","type-post","status-publish","format-standard","has-post-thumbnail","hentry","category-noticias"],"_links":{"self":[{"href":"https:\/\/hostnetart.com.br\/baixada\/wp-json\/wp\/v2\/posts\/3053","targetHints":{"allow":["GET"]}}],"collection":[{"href":"https:\/\/hostnetart.com.br\/baixada\/wp-json\/wp\/v2\/posts"}],"about":[{"href":"https:\/\/hostnetart.com.br\/baixada\/wp-json\/wp\/v2\/types\/post"}],"author":[{"embeddable":true,"href":"https:\/\/hostnetart.com.br\/baixada\/wp-json\/wp\/v2\/users\/2"}],"replies":[{"embeddable":true,"href":"https:\/\/hostnetart.com.br\/baixada\/wp-json\/wp\/v2\/comments?post=3053"}],"version-history":[{"count":0,"href":"https:\/\/hostnetart.com.br\/baixada\/wp-json\/wp\/v2\/posts\/3053\/revisions"}],"wp:featuredmedia":[{"embeddable":true,"href":"https:\/\/hostnetart.com.br\/baixada\/wp-json\/wp\/v2\/media\/3052"}],"wp:attachment":[{"href":"https:\/\/hostnetart.com.br\/baixada\/wp-json\/wp\/v2\/media?parent=3053"}],"wp:term":[{"taxonomy":"category","embeddable":true,"href":"https:\/\/hostnetart.com.br\/baixada\/wp-json\/wp\/v2\/categories?post=3053"},{"taxonomy":"post_tag","embeddable":true,"href":"https:\/\/hostnetart.com.br\/baixada\/wp-json\/wp\/v2\/tags?post=3053"}],"curies":[{"name":"wp","href":"https:\/\/api.w.org\/{rel}","templated":true}]}}