{"id":3049,"date":"2017-09-20T15:07:43","date_gmt":"2017-09-20T18:07:43","guid":{"rendered":"https:\/\/hostnetart.com.br\/baixada\/bradesco-perde-a-batalha-e-dirigente-sindical-e-reintegrado-em-niteroi-rj\/"},"modified":"2017-09-20T15:07:43","modified_gmt":"2017-09-20T18:07:43","slug":"bradesco-perde-a-batalha-e-dirigente-sindical-e-reintegrado-em-niteroi-rj","status":"publish","type":"post","link":"https:\/\/hostnetart.com.br\/baixada\/bradesco-perde-a-batalha-e-dirigente-sindical-e-reintegrado-em-niteroi-rj\/","title":{"rendered":"Bradesco perde a batalha e dirigente sindical \u00e9 reintegrado em Niter\u00f3i\/RJ"},"content":{"rendered":"<p><em><span style=\"text-decoration: underline;\">Contraf\/Cut acompanhou a reintegra\u00e7\u00e3o do dirigente Rubinho<\/span><\/em><\/p>\n<p>O movimento sindical banc\u00e1rio teve uma grande vit\u00f3ria nesta ter\u00e7a-feira (19\/09). Ap\u00f3s mais de um ano de queda de bra\u00e7o com o Bradesco, a Justi\u00e7a do Trabalho cancelou a suspens\u00e3o do contrato de trabalho de Rubens Branquinho (HSBS\/Bradesco). Diretores do Sindicato dos Banc\u00e1rios de Niter\u00f3i e regi\u00e3o, da Federa\u00e7\u00e3o dos Trabalhadores do Ramo Financeiro do Rio e Esp\u00edrito Santo (Fetraf RJ\/ES) e da Contraf\/Cut acompanharam a reintegra\u00e7\u00e3o do dirigente Rubinho como \u00e9 conhecido no movimento.<\/p>\n<p>A volta ao trabalho aconteceu na ag\u00eancia do Bradesco Largo da Batalha, em Niter\u00f3i, antiga unidade do HSBC onde Rubinho \u00e9 lotado. A reintegra\u00e7\u00e3o foi concedida liminarmente pela Justi\u00e7a do Trabalho de Niter\u00f3i. O processo continua sua tramita\u00e7\u00e3o normal.<\/p>\n<p>O fato, importante para a categoria no momento em que os ataques aos direitos dos trabalhadores cresce a cada dia, foi acompanhado de perto por diversos dirigentes sindicais que comemoraram contra a persegui\u00e7\u00e3o realizada pelo banco. Rubinho \u00e9 lotado na ag\u00eancia Bradesco Largo da Batalha desde 1987, ou seja, h\u00e1 31 anos.<\/p>\n<p>Para o dirigente reintegrado, a decis\u00e3o judicial foi um ganho para todo o movimento sindical e para os banc\u00e1rios. \u201cMesmo com toda for\u00e7a que os bancos podem ter, com a categoria unida a gente consegue vencer, consegue dobrar essas intransig\u00eancias. Foi mais de um ano sofrendo, sem sal\u00e1rio, mas a Justi\u00e7a foi feita\u201d, declara Rubens Branquinho.<\/p>\n<p>O presidente do Sindicato de Niter\u00f3i, Lu\u00eds Cl\u00e1udio Caju, comemorou. \u201cHoje \u00e9 uma vit\u00f3ria do Sindicato, dos trabalhadores e do movimento sindical. Um trabalhador de luta est\u00e1 de volta, uma lideran\u00e7a no nosso movimento. Foi feita justi\u00e7a e a luta continua agora com mais for\u00e7a. O Rubinho \u00e9 uma refer\u00eancia nacional no movimento sindical\u201d, afirma Caju.<\/p>\n<p>A entrega do mandado de cumprimento da decis\u00e3o pelo oficial de justi\u00e7a tamb\u00e9m foi acompanhada pelo Diretor da Confedera\u00e7\u00e3o Nacional dos Trabalhadores do Ramo Financeiro (Contra\/CUT), S\u00e9rgio Siqueira (HSBC\/SP).<\/p>\n<p>\u201cO Rubens sempre teve \u00e0 frente das lutas do movimento sindical dos trabalhadores e sempre foi um dirigente fundamental pra gente. Tem sido inclusive, ultimamente. Agora ele faz parte da Associa\u00e7\u00e3o Brasil. Quem ganha de fato s\u00e3o os trabalhadores de Niter\u00f3i e da Federa\u00e7\u00e3o por ter um dirigente de luta de volta\u201d, relata S\u00e9rgio.<\/p>\n<p>Para o advogado, Murilo Batista, vencer a primeira batalha foi um reconhecimento do trabalho do dirigente.\u201d Conseguimos desconstituir essa farsa que o banco montou que na verdade se caracteriza como um ato antissindical, persegui\u00e7\u00e3o a um dirigente sindical atuante. E que a justi\u00e7a, na primeira batalha, j\u00e1 reconheceu isso. Tenho a certeza que no m\u00e9rito tamb\u00e9m a justi\u00e7a vai confirma a senten\u00e7a e vamos promover a reintegra\u00e7\u00e3o definitiva\u201d, disse.<\/p>\n<p>O diretor jur\u00eddico da Fetraf RJ\/ES, Paulo Garcez. Est\u00e1 sendo feita justi\u00e7a. O companheiro est\u00e1 sendo punido pela sua atua\u00e7\u00e3o no movimento sindical em defesa dos trabalhadores banc\u00e1rios. Essa persegui\u00e7\u00e3o est\u00e1 chegando ao fim e o Rubinho voltar\u00e1 \u00e0s suas atividades, que jamais abandonou, mesmo passando por esses problemas e isso \u00e9 important\u00edssimo para a nossa Federa\u00e7\u00e3o\u201d, disse.<\/p>\n<p>Estiveram presentes os dirigentes de Niter\u00f3i: Lu\u00eds Cl\u00e1udio Caju (Bradesco), Jorge Ant\u00f4nio Porkinho (HSBC\/Bradesco), Cl\u00e1udio Roberto (HSBC\/Bradesco), Heber Mathias (Bradesco), Waldemiro Baptista (Ita\u00fa), Pietro Cavallo (HSBC\/Bradesco), Marcos Aur\u00e9lio &#8216;Pacheco&#8217;<\/p>\n<p>(HSBC\/Bradesco), Ivan Neves (Caixa), Rog\u00e9rio Azevedo (HSBC\/Bradesco), Paulo Roberto Vieira (HSBC\/Bradesco), al\u00e9m de Altair Ramos (Aposentado Ita\u00fa). Na audi\u00eancia na Justi\u00e7a do Trabalho, realizada no mesmo dia, ainda compareceram os diretores Fetraf RJ\/ES, Fabiano J\u00fanior (Bradesco) e Ros\u00e2ngela Floriano do Seeb-Niter\u00f3i (Santander).<\/p>\n<p>Fonte: Seeb Niter\u00f3i<\/p>\n","protected":false},"excerpt":{"rendered":"<p>Contraf\/Cut acompanhou a reintegra\u00e7\u00e3o do dirigente Rubinho O movimento sindical banc\u00e1rio teve uma grande vit\u00f3ria nesta ter\u00e7a-feira (19\/09). Ap\u00f3s mais de um ano de queda de bra\u00e7o com o Bradesco, a Justi\u00e7a do Trabalho cancelou a suspens\u00e3o do contrato de trabalho de Rubens Branquinho (HSBS\/Bradesco). Diretores do Sindicato dos Banc\u00e1rios de Niter\u00f3i e regi\u00e3o, da [&hellip;]<\/p>\n","protected":false},"author":2,"featured_media":3048,"comment_status":"","ping_status":"","sticky":false,"template":"","format":"standard","meta":{"footnotes":""},"categories":[3],"tags":[],"class_list":["post-3049","post","type-post","status-publish","format-standard","has-post-thumbnail","hentry","category-noticias"],"_links":{"self":[{"href":"https:\/\/hostnetart.com.br\/baixada\/wp-json\/wp\/v2\/posts\/3049","targetHints":{"allow":["GET"]}}],"collection":[{"href":"https:\/\/hostnetart.com.br\/baixada\/wp-json\/wp\/v2\/posts"}],"about":[{"href":"https:\/\/hostnetart.com.br\/baixada\/wp-json\/wp\/v2\/types\/post"}],"author":[{"embeddable":true,"href":"https:\/\/hostnetart.com.br\/baixada\/wp-json\/wp\/v2\/users\/2"}],"replies":[{"embeddable":true,"href":"https:\/\/hostnetart.com.br\/baixada\/wp-json\/wp\/v2\/comments?post=3049"}],"version-history":[{"count":0,"href":"https:\/\/hostnetart.com.br\/baixada\/wp-json\/wp\/v2\/posts\/3049\/revisions"}],"wp:featuredmedia":[{"embeddable":true,"href":"https:\/\/hostnetart.com.br\/baixada\/wp-json\/wp\/v2\/media\/3048"}],"wp:attachment":[{"href":"https:\/\/hostnetart.com.br\/baixada\/wp-json\/wp\/v2\/media?parent=3049"}],"wp:term":[{"taxonomy":"category","embeddable":true,"href":"https:\/\/hostnetart.com.br\/baixada\/wp-json\/wp\/v2\/categories?post=3049"},{"taxonomy":"post_tag","embeddable":true,"href":"https:\/\/hostnetart.com.br\/baixada\/wp-json\/wp\/v2\/tags?post=3049"}],"curies":[{"name":"wp","href":"https:\/\/api.w.org\/{rel}","templated":true}]}}