{"id":3037,"date":"2017-09-18T18:11:38","date_gmt":"2017-09-18T21:11:38","guid":{"rendered":"https:\/\/hostnetart.com.br\/baixada\/contraf-cut-e-cebb-entregam-ao-banco-documento-que-propoe-garantia-de-direitos-dos-funcionarios\/"},"modified":"2017-09-18T18:11:38","modified_gmt":"2017-09-18T21:11:38","slug":"contraf-cut-e-cebb-entregam-ao-banco-documento-que-propoe-garantia-de-direitos-dos-funcionarios","status":"publish","type":"post","link":"https:\/\/hostnetart.com.br\/baixada\/contraf-cut-e-cebb-entregam-ao-banco-documento-que-propoe-garantia-de-direitos-dos-funcionarios\/","title":{"rendered":"Contraf-CUT e CEBB entregam ao banco documento que prop\u00f5e garantia de direitos dos funcion\u00e1rios"},"content":{"rendered":"<p>Durante reuni\u00e3o de negocia\u00e7\u00e3o permanente entre a Comiss\u00e3o de Empresa dos Funcion\u00e1rios do Banco do Brasil (CEBB) com o banco, ocorrida na quinta-feira (14), a Confedera\u00e7\u00e3o Nacional dos Trabalhadores do Ramo Financeiro (Contraf-CUT) entregou aos representantes do BB um termo de compromisso de manuten\u00e7\u00e3o dos direitos dos trabalhadores, mesmo depois que a nova legisla\u00e7\u00e3o trabalhista (Lei 13.467\/2017) entre em vigor.<\/p>\n<p>\u201cV\u00e1rios pontos de nosso acordo coletivo poder\u00e3o ser alterados com a entrada em vigor da nova lei trabalhista. O termo que entregamos visa garantir a manuten\u00e7\u00e3o do processo negocial, bem como a rela\u00e7\u00e3o entre banco e seus empregados\u201d, explicou Wagner Nascimento, coordenador da CEBB, que representou a Contraf-CUT na ocasi\u00e3o.<\/p>\n<p>O presidente da Contraf-CUT, Roberto von der Osten, observou que nova legisla\u00e7\u00e3o trabalhista pode levar a rela\u00e7\u00e3o entre funcion\u00e1rios e o banco \u00e0 uma situa\u00e7\u00e3o existente antes da nacionaliza\u00e7\u00e3o da Conven\u00e7\u00e3o Coletiva da Categoria.<\/p>\n<p>\u201cNaquela \u00e9poca as regras de rela\u00e7\u00f5es de trabalho eram pulverizadas entre sindicatos regionais e bancos, dificultando tanto a igualdade de direitos e oportunidades entre os trabalhadores quanto inviabilizando a movimenta\u00e7\u00e3o de banc\u00e1rios entre locais de diferentes contratos\u201d, disse o presidente da Contraf-CUT.<\/p>\n<p>O documento n\u00e3o foi analisado pelo banco durante a reuni\u00e3o. A CEBB manter\u00e1 contato com o os representantes do BB para agendar uma negocia\u00e7\u00e3o sobre os termos do documento.<\/p>\n<p><strong>Fonte: Contraf-CUT<\/strong><\/p>\n","protected":false},"excerpt":{"rendered":"<p>Durante reuni\u00e3o de negocia\u00e7\u00e3o permanente entre a Comiss\u00e3o de Empresa dos Funcion\u00e1rios do Banco do Brasil (CEBB) com o banco, ocorrida na quinta-feira (14), a Confedera\u00e7\u00e3o Nacional dos Trabalhadores do Ramo Financeiro (Contraf-CUT) entregou aos representantes do BB um termo de compromisso de manuten\u00e7\u00e3o dos direitos dos trabalhadores, mesmo depois que a nova legisla\u00e7\u00e3o trabalhista [&hellip;]<\/p>\n","protected":false},"author":2,"featured_media":3036,"comment_status":"","ping_status":"","sticky":false,"template":"","format":"standard","meta":{"footnotes":""},"categories":[3],"tags":[],"class_list":["post-3037","post","type-post","status-publish","format-standard","has-post-thumbnail","hentry","category-noticias"],"_links":{"self":[{"href":"https:\/\/hostnetart.com.br\/baixada\/wp-json\/wp\/v2\/posts\/3037","targetHints":{"allow":["GET"]}}],"collection":[{"href":"https:\/\/hostnetart.com.br\/baixada\/wp-json\/wp\/v2\/posts"}],"about":[{"href":"https:\/\/hostnetart.com.br\/baixada\/wp-json\/wp\/v2\/types\/post"}],"author":[{"embeddable":true,"href":"https:\/\/hostnetart.com.br\/baixada\/wp-json\/wp\/v2\/users\/2"}],"replies":[{"embeddable":true,"href":"https:\/\/hostnetart.com.br\/baixada\/wp-json\/wp\/v2\/comments?post=3037"}],"version-history":[{"count":0,"href":"https:\/\/hostnetart.com.br\/baixada\/wp-json\/wp\/v2\/posts\/3037\/revisions"}],"wp:featuredmedia":[{"embeddable":true,"href":"https:\/\/hostnetart.com.br\/baixada\/wp-json\/wp\/v2\/media\/3036"}],"wp:attachment":[{"href":"https:\/\/hostnetart.com.br\/baixada\/wp-json\/wp\/v2\/media?parent=3037"}],"wp:term":[{"taxonomy":"category","embeddable":true,"href":"https:\/\/hostnetart.com.br\/baixada\/wp-json\/wp\/v2\/categories?post=3037"},{"taxonomy":"post_tag","embeddable":true,"href":"https:\/\/hostnetart.com.br\/baixada\/wp-json\/wp\/v2\/tags?post=3037"}],"curies":[{"name":"wp","href":"https:\/\/api.w.org\/{rel}","templated":true}]}}