{"id":3033,"date":"2017-09-15T16:28:10","date_gmt":"2017-09-15T19:28:10","guid":{"rendered":"https:\/\/hostnetart.com.br\/baixada\/setembro-amarelo-alerta-sobre-realidade-do-suicidio\/"},"modified":"2017-09-15T16:28:10","modified_gmt":"2017-09-15T19:28:10","slug":"setembro-amarelo-alerta-sobre-realidade-do-suicidio","status":"publish","type":"post","link":"https:\/\/hostnetart.com.br\/baixada\/setembro-amarelo-alerta-sobre-realidade-do-suicidio\/","title":{"rendered":"\u201cSetembro Amarelo\u201d alerta sobre realidade do suic\u00eddio"},"content":{"rendered":"<p><em><span style=\"text-decoration: underline;\">\u200bCampanha tamb\u00e9m conscientiza sobre formas de preven\u00e7\u00e3o; categoria tamb\u00e9m sofre deste mal<\/span><\/em><\/p>\n<p>Monumentos e pr\u00e9dios p\u00fablicos e privados receberam neste m\u00eas uma ilumina\u00e7\u00e3o especial em tons amarelos. Tamb\u00e9m \u00e9 poss\u00edvel ver pessoas caminhando nas ruas com fitinhas amarelas presas em suas roupas. Tratam-se de a\u00e7\u00f5es do \u201cSetembro Amarelo\u201d, uma campanha mundial de conscientiza\u00e7\u00e3o sobre a realidade do suic\u00eddio e as formas de preven\u00e7\u00e3o.<\/p>\n<p>Segundo o site da campanha, o \u201cSetembro Amarelo\u201d \u00e9 uma iniciativa brasileira iniciada em 2015 e incentivada mundialmente pela Associa\u00e7\u00e3o Internacional para Preven\u00e7\u00e3o do Suic\u00eddio (IASP).<\/p>\n<p>Os n\u00fameros oficiais s\u00e3o de que 32 brasileiros cometem suic\u00eddio a cada dia. Um n\u00famero superior ao de v\u00edtimas da Aids e da maioria dos tipos de c\u00e2ncer. Segundo a Organiza\u00e7\u00e3o Mundial da Sa\u00fade, nove em cada 10 casos poderiam ser prevenidos.<\/p>\n<p>Os dados apontam que quase 100% das pessoas que se suicidaram enfrentavam algum problema mental &#8211; a maioria depress\u00e3o, um mal que atinge em cheio a categoria banc\u00e1ria.<\/p>\n<p><strong><em>Categoria \u00e9 afetada<\/em><\/strong><br \/>\u201c\u00c9 cada vez maior o n\u00famero de casos de depress\u00e3o entre os banc\u00e1rios. Tamb\u00e9m j\u00e1 constatamos o aumento do n\u00famero de suic\u00eddios na categoria. Consideramos extremamente importante a divulga\u00e7\u00e3o do \u2018Setembro Amarelo\u2019, que se soma \u00e0 nossa campanha nacional em defesa da sa\u00fade do trabalhador do ramo financeiro\u201d, disse Walcir Previtale, secret\u00e1rio de Sa\u00fade do Trabalhador da Confedera\u00e7\u00e3o dos Trabalhadores do Ramo Financeiro (Contraf-CUT).<\/p>\n<p>Segundo levantamento da subse\u00e7\u00e3o do Departamento Intersindical de Estat\u00edstica e Estudos Socioecon\u00f4micos (Dieese) na Contraf-CUT, com base em informa\u00e7\u00f5es do INSS, o transtorno mental \u00e9 a principal causa dos afastamentos do trabalho para tratamento de sa\u00fade na categoria. Os transtornos mentais, incluindo os casos de depress\u00e3o, j\u00e1 ultrapassaram os afastamentos por LER\/Dort.<\/p>\n<p>Segundo os dados, 5.042 banc\u00e1rios receberam aux\u00edlios doen\u00e7a previdenci\u00e1rios e acident\u00e1rios em 2013 por transtornos mentais e comportamentais, o que representa 27% dos afastamentos. As doen\u00e7as do sistema osteomuscular e do tecido conjuntivo somam 4.589 casos, 24,6%.<\/p>\n<p>Para mais informa\u00e7\u00f5es sobre a sa\u00fade do trabalhador do ramo financeiro, leia a Revista dos Banc\u00e1rios, Especial Sa\u00fade do(a) Trabalhador(a).<\/p>\n<p><strong>Fonte: Contraf-CUT<\/strong><\/p>\n","protected":false},"excerpt":{"rendered":"<p>\u200bCampanha tamb\u00e9m conscientiza sobre formas de preven\u00e7\u00e3o; categoria tamb\u00e9m sofre deste mal Monumentos e pr\u00e9dios p\u00fablicos e privados receberam neste m\u00eas uma ilumina\u00e7\u00e3o especial em tons amarelos. Tamb\u00e9m \u00e9 poss\u00edvel ver pessoas caminhando nas ruas com fitinhas amarelas presas em suas roupas. Tratam-se de a\u00e7\u00f5es do \u201cSetembro Amarelo\u201d, uma campanha mundial de conscientiza\u00e7\u00e3o sobre a [&hellip;]<\/p>\n","protected":false},"author":2,"featured_media":3032,"comment_status":"","ping_status":"","sticky":false,"template":"","format":"standard","meta":{"footnotes":""},"categories":[3],"tags":[],"class_list":["post-3033","post","type-post","status-publish","format-standard","has-post-thumbnail","hentry","category-noticias"],"_links":{"self":[{"href":"https:\/\/hostnetart.com.br\/baixada\/wp-json\/wp\/v2\/posts\/3033","targetHints":{"allow":["GET"]}}],"collection":[{"href":"https:\/\/hostnetart.com.br\/baixada\/wp-json\/wp\/v2\/posts"}],"about":[{"href":"https:\/\/hostnetart.com.br\/baixada\/wp-json\/wp\/v2\/types\/post"}],"author":[{"embeddable":true,"href":"https:\/\/hostnetart.com.br\/baixada\/wp-json\/wp\/v2\/users\/2"}],"replies":[{"embeddable":true,"href":"https:\/\/hostnetart.com.br\/baixada\/wp-json\/wp\/v2\/comments?post=3033"}],"version-history":[{"count":0,"href":"https:\/\/hostnetart.com.br\/baixada\/wp-json\/wp\/v2\/posts\/3033\/revisions"}],"wp:featuredmedia":[{"embeddable":true,"href":"https:\/\/hostnetart.com.br\/baixada\/wp-json\/wp\/v2\/media\/3032"}],"wp:attachment":[{"href":"https:\/\/hostnetart.com.br\/baixada\/wp-json\/wp\/v2\/media?parent=3033"}],"wp:term":[{"taxonomy":"category","embeddable":true,"href":"https:\/\/hostnetart.com.br\/baixada\/wp-json\/wp\/v2\/categories?post=3033"},{"taxonomy":"post_tag","embeddable":true,"href":"https:\/\/hostnetart.com.br\/baixada\/wp-json\/wp\/v2\/tags?post=3033"}],"curies":[{"name":"wp","href":"https:\/\/api.w.org\/{rel}","templated":true}]}}