{"id":3031,"date":"2017-09-15T16:26:48","date_gmt":"2017-09-15T19:26:48","guid":{"rendered":"https:\/\/hostnetart.com.br\/baixada\/trabalhadores-se-mobilizam-no-dia-nacional-de-lutas\/"},"modified":"2017-09-15T16:26:48","modified_gmt":"2017-09-15T19:26:48","slug":"trabalhadores-se-mobilizam-no-dia-nacional-de-lutas","status":"publish","type":"post","link":"https:\/\/hostnetart.com.br\/baixada\/trabalhadores-se-mobilizam-no-dia-nacional-de-lutas\/","title":{"rendered":"Trabalhadores se mobilizam no Dia Nacional de Lutas"},"content":{"rendered":"<p>A CUT S\u00e3o Paulo e seus sindicatos e sub sedes promoveram, nesta quinta-feira (14), o Dia Nacional de Lutas com atos e mobiliza\u00e7\u00f5es contra o desmonte dos direitos que toma conta do Brasil.<\/p>\n<p>Entre as primeiras a\u00e7\u00f5es do dia, no centro da capital paulista, banc\u00e1rios e servidores municipais ocuparam a Pra\u00e7a da S\u00e9 para dialogar com a popula\u00e7\u00e3o sobre o projeto de pa\u00eds que vem sendo implementado, segundo mat\u00e9ria da CUT, por um governo ileg\u00edtimo e por parlamentares que defendem n\u00e3o apenas a Reforma Trabalhista e o fim da aposentadoria, mas tamb\u00e9m a privatiza\u00e7\u00e3o das empresas estatais e de programas e \u00e1reas p\u00fablicas da cidade.<\/p>\n<p>Fonte: Contraf-CUT<\/p>\n","protected":false},"excerpt":{"rendered":"<p>A CUT S\u00e3o Paulo e seus sindicatos e sub sedes promoveram, nesta quinta-feira (14), o Dia Nacional de Lutas com atos e mobiliza\u00e7\u00f5es contra o desmonte dos direitos que toma conta do Brasil. Entre as primeiras a\u00e7\u00f5es do dia, no centro da capital paulista, banc\u00e1rios e servidores municipais ocuparam a Pra\u00e7a da S\u00e9 para dialogar [&hellip;]<\/p>\n","protected":false},"author":2,"featured_media":3030,"comment_status":"","ping_status":"","sticky":false,"template":"","format":"standard","meta":{"footnotes":""},"categories":[3],"tags":[],"class_list":["post-3031","post","type-post","status-publish","format-standard","has-post-thumbnail","hentry","category-noticias"],"_links":{"self":[{"href":"https:\/\/hostnetart.com.br\/baixada\/wp-json\/wp\/v2\/posts\/3031","targetHints":{"allow":["GET"]}}],"collection":[{"href":"https:\/\/hostnetart.com.br\/baixada\/wp-json\/wp\/v2\/posts"}],"about":[{"href":"https:\/\/hostnetart.com.br\/baixada\/wp-json\/wp\/v2\/types\/post"}],"author":[{"embeddable":true,"href":"https:\/\/hostnetart.com.br\/baixada\/wp-json\/wp\/v2\/users\/2"}],"replies":[{"embeddable":true,"href":"https:\/\/hostnetart.com.br\/baixada\/wp-json\/wp\/v2\/comments?post=3031"}],"version-history":[{"count":0,"href":"https:\/\/hostnetart.com.br\/baixada\/wp-json\/wp\/v2\/posts\/3031\/revisions"}],"wp:featuredmedia":[{"embeddable":true,"href":"https:\/\/hostnetart.com.br\/baixada\/wp-json\/wp\/v2\/media\/3030"}],"wp:attachment":[{"href":"https:\/\/hostnetart.com.br\/baixada\/wp-json\/wp\/v2\/media?parent=3031"}],"wp:term":[{"taxonomy":"category","embeddable":true,"href":"https:\/\/hostnetart.com.br\/baixada\/wp-json\/wp\/v2\/categories?post=3031"},{"taxonomy":"post_tag","embeddable":true,"href":"https:\/\/hostnetart.com.br\/baixada\/wp-json\/wp\/v2\/tags?post=3031"}],"curies":[{"name":"wp","href":"https:\/\/api.w.org\/{rel}","templated":true}]}}