{"id":3029,"date":"2017-09-15T16:24:48","date_gmt":"2017-09-15T19:24:48","guid":{"rendered":"https:\/\/hostnetart.com.br\/baixada\/1-seminario-juridico-nacional-da-contraf-cut-acontece-nos-dias-28-e-29-de-setembro\/"},"modified":"2017-09-15T16:24:48","modified_gmt":"2017-09-15T19:24:48","slug":"1-seminario-juridico-nacional-da-contraf-cut-acontece-nos-dias-28-e-29-de-setembro","status":"publish","type":"post","link":"https:\/\/hostnetart.com.br\/baixada\/1-seminario-juridico-nacional-da-contraf-cut-acontece-nos-dias-28-e-29-de-setembro\/","title":{"rendered":"1\u00ba Semin\u00e1rio Jur\u00eddico Nacional da Contraf-CUT acontece nos dias 28 e 29 de setembro"},"content":{"rendered":"<p>A Contraf-CUT realiza seu 1\u00ba Semin\u00e1rio Jur\u00eddico Nacional , entre os dias 28 e 29 de setembro, em sua sede, em S\u00e3o Paulo. O objetivo do Semin\u00e1rio, voltado para dirigentes respons\u00e1veis pelos assuntos jur\u00eddicos das entidades sindicais e assessorias jur\u00eddicas, \u00e9 organizar e potencializar a interven\u00e7\u00e3o das assessorias jur\u00eddicas dos Sindicatos de Banc\u00e1rios de todo o Brasil para uniformizar teses sobre o enfrentamento junto ao judici\u00e1rio trabalhista e assim minimizar os efeitos nefastos dessa \u201creforma\u201d sem jamais abdicar de denunci\u00e1-la de forma contundente.<\/p>\n<p>Para Mauri Sergio Martins de Souza, Secret\u00e1rio de Assuntos Jur\u00eddicos da Contraf-CUT, os ataques diretos e incisivos aos direitos trabalhistas t\u00eam a categoria banc\u00e1ria como um alvo priorit\u00e1rio, por sua capacidade de organiza\u00e7\u00e3o e resist\u00eancia.<\/p>\n<p>\u201cO semin\u00e1rio visa potencializar as iniciativas em defesa dos direitos das trabalhadoras e trabalhadores banc\u00e1rios de todo o pa\u00eds, homogeneizando teses e articulando a interven\u00e7\u00e3o judicial das entidades sindicais de todo o pa\u00eds a fim de consolidar jurisprud\u00eancia favor\u00e1vel aos interesses da categoria\u201d, explicou.<\/p>\n<p>Os principais temas debatidos ser\u00e3o Direito Material, Direito Processual e Direito e Negocia\u00e7\u00e3o Coletiva. Os interessados em participar devem preencher a ficha abaixo e envi\u00e1-la para o seguinte endere\u00e7o eletr\u00f4nico: juridico@contrafcut.org.br com c\u00f3pia para contrafcut@contrafcut.org.br\u00a0 at\u00e9 o dia 26 de setembro pr\u00f3ximo.<\/p>\n<p>Abaixo a ficha de inscri\u00e7\u00e3o:<\/p>\n<p>1\u00ba Semin\u00e1rio Jur\u00eddico Nacional da CONTRAF<\/p>\n<p>Nome completo: _________________________________________________________<\/p>\n<p>Entidade Sindical: ________________________________________________________<\/p>\n<p>Endere\u00e7o eletr\u00f4nico (e-mail): _______________________________________________<\/p>\n<p>Telefone de contato: (___) _________________________________________________<\/p>\n<p>Dirigente Sindical (_____) ou Assessor Jur\u00eddico\/Advogado (_____)<\/p>\n<p>\u00a0<\/p>\n<p>Fonte: Contraf-CUT<\/p>\n","protected":false},"excerpt":{"rendered":"<p>A Contraf-CUT realiza seu 1\u00ba Semin\u00e1rio Jur\u00eddico Nacional , entre os dias 28 e 29 de setembro, em sua sede, em S\u00e3o Paulo. O objetivo do Semin\u00e1rio, voltado para dirigentes respons\u00e1veis pelos assuntos jur\u00eddicos das entidades sindicais e assessorias jur\u00eddicas, \u00e9 organizar e potencializar a interven\u00e7\u00e3o das assessorias jur\u00eddicas dos Sindicatos de Banc\u00e1rios de todo [&hellip;]<\/p>\n","protected":false},"author":2,"featured_media":3028,"comment_status":"","ping_status":"","sticky":false,"template":"","format":"standard","meta":{"footnotes":""},"categories":[3],"tags":[],"class_list":["post-3029","post","type-post","status-publish","format-standard","has-post-thumbnail","hentry","category-noticias"],"_links":{"self":[{"href":"https:\/\/hostnetart.com.br\/baixada\/wp-json\/wp\/v2\/posts\/3029","targetHints":{"allow":["GET"]}}],"collection":[{"href":"https:\/\/hostnetart.com.br\/baixada\/wp-json\/wp\/v2\/posts"}],"about":[{"href":"https:\/\/hostnetart.com.br\/baixada\/wp-json\/wp\/v2\/types\/post"}],"author":[{"embeddable":true,"href":"https:\/\/hostnetart.com.br\/baixada\/wp-json\/wp\/v2\/users\/2"}],"replies":[{"embeddable":true,"href":"https:\/\/hostnetart.com.br\/baixada\/wp-json\/wp\/v2\/comments?post=3029"}],"version-history":[{"count":0,"href":"https:\/\/hostnetart.com.br\/baixada\/wp-json\/wp\/v2\/posts\/3029\/revisions"}],"wp:featuredmedia":[{"embeddable":true,"href":"https:\/\/hostnetart.com.br\/baixada\/wp-json\/wp\/v2\/media\/3028"}],"wp:attachment":[{"href":"https:\/\/hostnetart.com.br\/baixada\/wp-json\/wp\/v2\/media?parent=3029"}],"wp:term":[{"taxonomy":"category","embeddable":true,"href":"https:\/\/hostnetart.com.br\/baixada\/wp-json\/wp\/v2\/categories?post=3029"},{"taxonomy":"post_tag","embeddable":true,"href":"https:\/\/hostnetart.com.br\/baixada\/wp-json\/wp\/v2\/tags?post=3029"}],"curies":[{"name":"wp","href":"https:\/\/api.w.org\/{rel}","templated":true}]}}