{"id":3027,"date":"2017-09-15T16:23:57","date_gmt":"2017-09-15T19:23:57","guid":{"rendered":"https:\/\/hostnetart.com.br\/baixada\/contraf-cut-envia-oficio-a-caixa-solicitando-antecipacao-da-plr\/"},"modified":"2017-09-15T16:23:57","modified_gmt":"2017-09-15T19:23:57","slug":"contraf-cut-envia-oficio-a-caixa-solicitando-antecipacao-da-plr","status":"publish","type":"post","link":"https:\/\/hostnetart.com.br\/baixada\/contraf-cut-envia-oficio-a-caixa-solicitando-antecipacao-da-plr\/","title":{"rendered":"Contraf-CUT envia of\u00edcio \u00e0 Caixa solicitando antecipa\u00e7\u00e3o da PLR"},"content":{"rendered":"<p>A Confedera\u00e7\u00e3o Nacional dos Trabalhadores do Ramo Financeiro (Contraf-CUT) enviou nesta quinta-feira (14) um of\u00edcio \u00e0 Caixa Econ\u00f4mica Federal solicitando a antecipa\u00e7\u00e3o do pagamento da primeira parcela da Participa\u00e7\u00e3o nos Lucros e\/ou Resultados (PLR).<\/p>\n<p>A Contraf-CUT j\u00e1 havia feito a solicita\u00e7\u00e3o por meio de of\u00edcio entregue durante a \u00faltima reuni\u00e3o entre o Comando Nacional dos Banc\u00e1rios e a Federa\u00e7\u00e3o Nacional dos Bancos (Fenaban), realizada no dia 24 de agosto. A maioria dos bancos j\u00e1 anunciaram a data do pagamento antecipado e o Banco do Brasil j\u00e1 o efetuou no dia 31 de agosto.<\/p>\n<p>\u201cOs empregados est\u00e3o dando um duro danado. Mesmo com a grande redu\u00e7\u00e3o de pessoal, se esfor\u00e7aram para realizar todos os trabalhos cotidianos al\u00e9m dos excepcionais, como o pagamento dos valores das contas inativas do FGTS. Agora, querem que seus esfor\u00e7os sejam reconhecidos\u201d, disse Dion\u00edsio Reis, coordenador da Comiss\u00e3o Executiva de Empregados (CEE) da Caixa.<\/p>\n<p>Regras da PLR da Caixa<\/p>\n<p>As regras da PLR da Caixa est\u00e3o dispon\u00edveis no acordo espec\u00edfico, que pode ser baixado no site da Contraf-CUT. A t\u00edtulo de adiantamento, conforme previsto no acordo, a Caixa deve efetuar o pagamento de 60% do total devido a cada empregado.<\/p>\n<p>Os valores totais da PLR s\u00e3o compostos pela Regra Fenaban e pela Regra Adicional Caixa.<\/p>\n<p>A Regra Fenaban corresponde a 90% da remunera\u00e7\u00e3o j\u00e1 com o reajuste de 1\u00ba de setembro de 2017, acrescido de R$ 2.183,53. Este valor deve ser reajustado pelo INPC\/IBGE acumulado entre setembro de 2016 e agosto de 2017, acrescido de 1%, conforme estabelecido no Acordo Coletivo de Trabalho, mais um adicional correspondente a 2,2% do lucro l\u00edquido apurado no exerc\u00edcio de 2017, dividido pelo n\u00famero total de empregados com direito a receber a PLR, limitado a R$ 4.367,07, devidamente reajustado. O total apurado na Regra B\u00e1sica estar\u00e1 limitado a 12,8% do lucro l\u00edquido do banco no exerc\u00edcio de 2017.<\/p>\n<p>A Regra Adicional Caixa corresponde a 4% do lucro l\u00edquido do banco no exerc\u00edcio de 2017, distribu\u00edda linearmente entre os empregados, proporcionalmente aos dias trabalhados no per\u00edodo. Este adicional \u00e9 vinculado ao desempenho da Caixa nos programas de governo.<\/p>\n<p>Fonte: Contraf-CUT<\/p>\n","protected":false},"excerpt":{"rendered":"<p>A Confedera\u00e7\u00e3o Nacional dos Trabalhadores do Ramo Financeiro (Contraf-CUT) enviou nesta quinta-feira (14) um of\u00edcio \u00e0 Caixa Econ\u00f4mica Federal solicitando a antecipa\u00e7\u00e3o do pagamento da primeira parcela da Participa\u00e7\u00e3o nos Lucros e\/ou Resultados (PLR). A Contraf-CUT j\u00e1 havia feito a solicita\u00e7\u00e3o por meio de of\u00edcio entregue durante a \u00faltima reuni\u00e3o entre o Comando Nacional dos [&hellip;]<\/p>\n","protected":false},"author":2,"featured_media":3026,"comment_status":"","ping_status":"","sticky":false,"template":"","format":"standard","meta":{"footnotes":""},"categories":[3],"tags":[],"class_list":["post-3027","post","type-post","status-publish","format-standard","has-post-thumbnail","hentry","category-noticias"],"_links":{"self":[{"href":"https:\/\/hostnetart.com.br\/baixada\/wp-json\/wp\/v2\/posts\/3027","targetHints":{"allow":["GET"]}}],"collection":[{"href":"https:\/\/hostnetart.com.br\/baixada\/wp-json\/wp\/v2\/posts"}],"about":[{"href":"https:\/\/hostnetart.com.br\/baixada\/wp-json\/wp\/v2\/types\/post"}],"author":[{"embeddable":true,"href":"https:\/\/hostnetart.com.br\/baixada\/wp-json\/wp\/v2\/users\/2"}],"replies":[{"embeddable":true,"href":"https:\/\/hostnetart.com.br\/baixada\/wp-json\/wp\/v2\/comments?post=3027"}],"version-history":[{"count":0,"href":"https:\/\/hostnetart.com.br\/baixada\/wp-json\/wp\/v2\/posts\/3027\/revisions"}],"wp:featuredmedia":[{"embeddable":true,"href":"https:\/\/hostnetart.com.br\/baixada\/wp-json\/wp\/v2\/media\/3026"}],"wp:attachment":[{"href":"https:\/\/hostnetart.com.br\/baixada\/wp-json\/wp\/v2\/media?parent=3027"}],"wp:term":[{"taxonomy":"category","embeddable":true,"href":"https:\/\/hostnetart.com.br\/baixada\/wp-json\/wp\/v2\/categories?post=3027"},{"taxonomy":"post_tag","embeddable":true,"href":"https:\/\/hostnetart.com.br\/baixada\/wp-json\/wp\/v2\/tags?post=3027"}],"curies":[{"name":"wp","href":"https:\/\/api.w.org\/{rel}","templated":true}]}}