{"id":3019,"date":"2017-09-14T13:45:33","date_gmt":"2017-09-14T16:45:33","guid":{"rendered":"https:\/\/hostnetart.com.br\/baixada\/uni-americas-debate-agencias-de-trabalho-temporario-a-juventude-e-o-primeiro-emprego\/"},"modified":"2017-09-14T13:45:33","modified_gmt":"2017-09-14T16:45:33","slug":"uni-americas-debate-agencias-de-trabalho-temporario-a-juventude-e-o-primeiro-emprego","status":"publish","type":"post","link":"https:\/\/hostnetart.com.br\/baixada\/uni-americas-debate-agencias-de-trabalho-temporario-a-juventude-e-o-primeiro-emprego\/","title":{"rendered":"UNI Am\u00e9ricas debate ag\u00eancias de trabalho tempor\u00e1rio, a juventude e o primeiro emprego"},"content":{"rendered":"<p>O Comit\u00ea da Juventude e o setor Ag\u00eancias de Trabalho Tempor\u00e1rio da UNI Am\u00e9ricas, em parceria com a Funda\u00e7\u00e3o Friedrich Ebert Stiftung no Brasil, realizaram nesta ter\u00e7a e quarta-feira (12 e 13 de setembro) um debate sobre as ag\u00eancias de trabalho tempor\u00e1rio, a juventude e o primeiro emprego. A atividade, realizada na sede do Secretariado Nacional dos Trabalhadores no Com\u00e9rcio e Servi\u00e7os (Sentracos), no Centro da cidade de S\u00e3o Paulo, contou com a participa\u00e7\u00e3o de diversas entidades do Brasil, Nicar\u00e1gua, Rep\u00fablica Dominicana, Argentina, Uruguai e Chile.<\/p>\n<p>O debate foi focado na an\u00e1lise das quest\u00f5es enfrentadas pelos sindicatos das am\u00e9ricas com rela\u00e7\u00e3o aos trabalhadores e as trabalhadoras inseridos no mercado de trabalho por ag\u00eancias. O objetivo foi criar uma proposta de coopera\u00e7\u00e3o conjunta para garantir igualdade de tratamento no estabelecimento de regras para o trabalho decente para estes trabalhadores.<\/p>\n<p>\u201cO debate mostrou que \u00e9 fundamental a uni\u00e3o do movimento sindical no desenvolvimento de a\u00e7\u00f5es concretas conjuntas para enfrentar desafios na organiza\u00e7\u00e3o dos trabalhadores e dos sindicatos contra os ataques que o empresariado vem lhes aplicando em todos os pa\u00edses das Am\u00e9ricas\u201d, disse Mario Raia, secret\u00e1rio de Rela\u00e7\u00f5es Internacionais da Confedera\u00e7\u00e3o Nacional dos Trabalhadores do Ramo Financeiro (Contraf-CUT), um dos representantes brasileiros no encontro.<\/p>\n<p>Patricia Pelatieri, do Dieese, apresentou um panorama atual sobre trabalho tempor\u00e1rio no Brasil, a terceiriza\u00e7\u00e3o e seu impacto na organiza\u00e7\u00e3o dos trabalhadores inseridos por essas ag\u00eancias.<\/p>\n<p>A secret\u00e1ria da Juventude da Contraf-CUT, Fabiana Uehara Proscholdt chamou aten\u00e7\u00e3o sobre os preju\u00edzos que ser\u00e3o causados aos trabalhadores pelas novas leis trabalhista e da terceiriza\u00e7\u00e3o, rec\u00e9m aprovada pelo governo Temer e sua base aliada no Congresso Nacional. \u201cEstas leis liberaram novas formas de contrata\u00e7\u00e3o. \u00c9 preciso estar atento ao que significam estas \u2018novas formas de contrata\u00e7\u00e3o\u2019, n\u00e3o apenas para os trabalhadores, que ser\u00e3o os mais prejudicados, mas tamb\u00e9m para o movimento sindical\u201d, destacou a dirigente da Contraf-CUT. \u201cEm momentos de crise, os trabalhadores mais vulner\u00e1veis s\u00e3o os de contratos tempor\u00e1rios\u201d, completou.<\/p>\n<p>Os presentes tamb\u00e9m discutiram o papel e as responsabilidades das ag\u00eancias privadas de emprego.<\/p>\n<p>Outros representantes brasileiros que participaram do encontro foram as secret\u00e1rias Geral e de Imprensa do Sindicato dos Banc\u00e1rios de S\u00e3o Paulo, Osasco e regi\u00e3o, Neiva Maria e Marta Soares, respectivamente, a vice-presidenta da UNI Am\u00e9ricas Juventude, Lucimara Malaquias, e os membros do Comit\u00ea Executivo de Juventude da UNI Am\u00e9ricas Katlin Salles, Daniela Myachiro, Marcio Vieira e Fernanda Lopes.<\/p>\n<p>Comit\u00ea Executivo da UNI Am\u00e9ricas Juventude<\/p>\n<p>Na tarde desta quarta-feira (13), a reuni\u00e3o continua exclusivamente com o Comit\u00ea Executivo da UNI Am\u00e9ricas Juventude. O grupo ir\u00e1 elaborar o planejamento estrat\u00e9gico com a defini\u00e7\u00e3o de objetivos por \u00e1rea. \u201cN\u00f3s tamb\u00e9m vamos debater quest\u00f5es fundamentais, como se os contratos tempor\u00e1rios s\u00e3o a resposta para os jovens que aspiram obter um trabalho est\u00e1vel e decente e o que podem fazer os sindicatos e os jovens para fortalecer e fazer valer os direitos dos trabalhadores colocados por ag\u00eancia de trabalho tempor\u00e1rio\u201d, adiantou a vice-presidenta da UNI Am\u00e9ricas Juventude, Lucimara Malaquias.<\/p>\n<p><strong>Fonte: Contraf-CUT<\/strong><\/p>\n","protected":false},"excerpt":{"rendered":"<p>O Comit\u00ea da Juventude e o setor Ag\u00eancias de Trabalho Tempor\u00e1rio da UNI Am\u00e9ricas, em parceria com a Funda\u00e7\u00e3o Friedrich Ebert Stiftung no Brasil, realizaram nesta ter\u00e7a e quarta-feira (12 e 13 de setembro) um debate sobre as ag\u00eancias de trabalho tempor\u00e1rio, a juventude e o primeiro emprego. A atividade, realizada na sede do Secretariado [&hellip;]<\/p>\n","protected":false},"author":2,"featured_media":3018,"comment_status":"","ping_status":"","sticky":false,"template":"","format":"standard","meta":{"footnotes":""},"categories":[3],"tags":[],"class_list":["post-3019","post","type-post","status-publish","format-standard","has-post-thumbnail","hentry","category-noticias"],"_links":{"self":[{"href":"https:\/\/hostnetart.com.br\/baixada\/wp-json\/wp\/v2\/posts\/3019","targetHints":{"allow":["GET"]}}],"collection":[{"href":"https:\/\/hostnetart.com.br\/baixada\/wp-json\/wp\/v2\/posts"}],"about":[{"href":"https:\/\/hostnetart.com.br\/baixada\/wp-json\/wp\/v2\/types\/post"}],"author":[{"embeddable":true,"href":"https:\/\/hostnetart.com.br\/baixada\/wp-json\/wp\/v2\/users\/2"}],"replies":[{"embeddable":true,"href":"https:\/\/hostnetart.com.br\/baixada\/wp-json\/wp\/v2\/comments?post=3019"}],"version-history":[{"count":0,"href":"https:\/\/hostnetart.com.br\/baixada\/wp-json\/wp\/v2\/posts\/3019\/revisions"}],"wp:featuredmedia":[{"embeddable":true,"href":"https:\/\/hostnetart.com.br\/baixada\/wp-json\/wp\/v2\/media\/3018"}],"wp:attachment":[{"href":"https:\/\/hostnetart.com.br\/baixada\/wp-json\/wp\/v2\/media?parent=3019"}],"wp:term":[{"taxonomy":"category","embeddable":true,"href":"https:\/\/hostnetart.com.br\/baixada\/wp-json\/wp\/v2\/categories?post=3019"},{"taxonomy":"post_tag","embeddable":true,"href":"https:\/\/hostnetart.com.br\/baixada\/wp-json\/wp\/v2\/tags?post=3019"}],"curies":[{"name":"wp","href":"https:\/\/api.w.org\/{rel}","templated":true}]}}