{"id":3011,"date":"2017-09-13T14:56:53","date_gmt":"2017-09-13T17:56:53","guid":{"rendered":"https:\/\/hostnetart.com.br\/baixada\/itau-pagara-plr-e-pcr-no-dia-22-9\/"},"modified":"2017-09-13T14:56:53","modified_gmt":"2017-09-13T17:56:53","slug":"itau-pagara-plr-e-pcr-no-dia-22-9","status":"publish","type":"post","link":"https:\/\/hostnetart.com.br\/baixada\/itau-pagara-plr-e-pcr-no-dia-22-9\/","title":{"rendered":"Ita\u00fa pagar\u00e1 PLR e PCR no dia 22\/9"},"content":{"rendered":"<p>O Ita\u00fa informou que vai creditar no dia 22 de setembro a primeira parcela da Participa\u00e7\u00e3o nos Lucros e Resultados (PLR), mais a Participa\u00e7\u00e3o Complementar nos Resultados (PCR) na conta de seus funcion\u00e1rios.<\/p>\n<p>Da PLR ser\u00e3o creditados 54% do sal\u00e1rio, mais R$ 1.346,15, al\u00e9m de adicional de R$ 2.243,58. O valor referente \u00e0 PCR \u00e9 de R$ 2.535,87.<\/p>\n<p>O pagamento da PLR para todos os banc\u00e1rios est\u00e1 previsto na Conven\u00e7\u00e3o Coletiva de Trabalho assinada em 2016 e v\u00e1lida at\u00e9 2018. Pelo acordo, o prazo final para cr\u00e9dito \u00e9 30 de setembro. A antecipa\u00e7\u00e3o para o dia 22 atende a uma reivindica\u00e7\u00e3o da Confedera\u00e7\u00e3o Nacional dos Trabalhadores do Ramo Financeiro (Contraf-CUT).<\/p>\n<p>Para os banc\u00e1rios do Ita\u00fa Unibanco tamb\u00e9m valem as regras estabelecidas no Acordo Coletivo de Trabalho para Pagamento da Participa\u00e7\u00e3o nos Lucros e\/ou Resultados espec\u00edfico para trabalhadores do banco, que prev\u00ea, tamb\u00e9m o pagamento da Participa\u00e7\u00e3o Complementar nos Resultados (PCR).<\/p>\n<p>Leia o que diz a CCT e o acordo de PLR espec\u00edfico do Ita\u00fa Unibanco.<\/p>\n<p><strong>Fonte: Contraf-CUT<\/strong><\/p>\n","protected":false},"excerpt":{"rendered":"<p>O Ita\u00fa informou que vai creditar no dia 22 de setembro a primeira parcela da Participa\u00e7\u00e3o nos Lucros e Resultados (PLR), mais a Participa\u00e7\u00e3o Complementar nos Resultados (PCR) na conta de seus funcion\u00e1rios. Da PLR ser\u00e3o creditados 54% do sal\u00e1rio, mais R$ 1.346,15, al\u00e9m de adicional de R$ 2.243,58. O valor referente \u00e0 PCR \u00e9 [&hellip;]<\/p>\n","protected":false},"author":2,"featured_media":3010,"comment_status":"","ping_status":"","sticky":false,"template":"","format":"standard","meta":{"footnotes":""},"categories":[3],"tags":[],"class_list":["post-3011","post","type-post","status-publish","format-standard","has-post-thumbnail","hentry","category-noticias"],"_links":{"self":[{"href":"https:\/\/hostnetart.com.br\/baixada\/wp-json\/wp\/v2\/posts\/3011","targetHints":{"allow":["GET"]}}],"collection":[{"href":"https:\/\/hostnetart.com.br\/baixada\/wp-json\/wp\/v2\/posts"}],"about":[{"href":"https:\/\/hostnetart.com.br\/baixada\/wp-json\/wp\/v2\/types\/post"}],"author":[{"embeddable":true,"href":"https:\/\/hostnetart.com.br\/baixada\/wp-json\/wp\/v2\/users\/2"}],"replies":[{"embeddable":true,"href":"https:\/\/hostnetart.com.br\/baixada\/wp-json\/wp\/v2\/comments?post=3011"}],"version-history":[{"count":0,"href":"https:\/\/hostnetart.com.br\/baixada\/wp-json\/wp\/v2\/posts\/3011\/revisions"}],"wp:featuredmedia":[{"embeddable":true,"href":"https:\/\/hostnetart.com.br\/baixada\/wp-json\/wp\/v2\/media\/3010"}],"wp:attachment":[{"href":"https:\/\/hostnetart.com.br\/baixada\/wp-json\/wp\/v2\/media?parent=3011"}],"wp:term":[{"taxonomy":"category","embeddable":true,"href":"https:\/\/hostnetart.com.br\/baixada\/wp-json\/wp\/v2\/categories?post=3011"},{"taxonomy":"post_tag","embeddable":true,"href":"https:\/\/hostnetart.com.br\/baixada\/wp-json\/wp\/v2\/tags?post=3011"}],"curies":[{"name":"wp","href":"https:\/\/api.w.org\/{rel}","templated":true}]}}