{"id":3009,"date":"2017-09-13T14:53:44","date_gmt":"2017-09-13T17:53:44","guid":{"rendered":"https:\/\/hostnetart.com.br\/baixada\/comando-nacional-dos-bancarios-analisa-vedacao-da-ultratividade\/"},"modified":"2017-09-13T14:53:44","modified_gmt":"2017-09-13T17:53:44","slug":"comando-nacional-dos-bancarios-analisa-vedacao-da-ultratividade","status":"publish","type":"post","link":"https:\/\/hostnetart.com.br\/baixada\/comando-nacional-dos-bancarios-analisa-vedacao-da-ultratividade\/","title":{"rendered":"Comando Nacional dos Banc\u00e1rios analisa veda\u00e7\u00e3o da ultratividade"},"content":{"rendered":"<p>A reuni\u00e3o do Comando Nacional dos Banc\u00e1rios, na tarde desta ter\u00e7a-feira (12), na sede da Contraf-CUT, em S\u00e3o Paulo, come\u00e7ou com uma palestra do advogado Jos\u00e9 Eymard Loguercio, assessor Jur\u00eddico da CUT, sobre os impactos nas negocia\u00e7\u00f5es coletivas de trabalho com a veda\u00e7\u00e3o da ultratividade, definida pela reforma trabalhista.A ultratividade era prevista numa s\u00famula que garantia a manuten\u00e7\u00e3o das cl\u00e1usulas do \u00faltimo acordo coletivo ao final da vig\u00eancia, at\u00e9 que novo acordo fosse celebrado. Jos\u00e9 Eymard Loguercio garantiu que h\u00e1 questionamentos sobre a constitucionalidade e aplica\u00e7\u00e3o da lei no tempo que vem a fragilizar a negocia\u00e7\u00e3o coletiva e seus leg\u00edtimos instrumentos de press\u00e3o contra o empregador para que se possa estabelecer equil\u00edbrio nos contratos coletivos. \u201cEnquanto houver negocia\u00e7\u00e3o, aplica-se o princ\u00edpio de boa-f\u00e9 e projetam-se as normas coletivas at\u00e9 a celebra\u00e7\u00e3o de novo instrumento.\u201d<\/p>\n<p>Para Roberto von der Osten, presidente da Contraf-CUT e um dos coordenadores do Comando Nacional dos Banc\u00e1rios, esta mudan\u00e7a em rela\u00e7\u00e3o \u00e0 garantia de manuten\u00e7\u00e3o da vig\u00eancia dos direitos previstos no acordo anterior poder\u00e1 trazer maior dificuldade nas negocia\u00e7\u00f5es coletivas, em especial para categorias com maiores dificuldades de mobiliza\u00e7\u00f5es. \u201cA nossa categoria \u00e9 vanguardista, sempre est\u00e1 na frente das lutas e mobilizada para o que precisar. Mesmo assim os bancos podem pressionar para que os trabalhadores aceitem qualquer acordo sob amea\u00e7a de n\u00e3o renovar a totalidade do acordo anterior. Assim, temos de continuar com nossas hist\u00f3ricas mobiliza\u00e7\u00f5es e unidade nacional, pois unidos somos mais fortes e impedimos a retirada de direitos duramente conquistados.\u201d<\/p>\n<p>O Comando Nacional definiu que ir\u00e1 acompanhar as negocia\u00e7\u00f5es coletivas de outras categorias, a partir do vigor da Reforma Trabalhista, para se preparar para a pr\u00f3xima data-base dos banc\u00e1rios.<\/p>\n<p>Calend\u00e1rio de lutas<\/p>\n<p>Ainda na reuni\u00e3o, o Comando Nacional aprovou o calend\u00e1rio de lutas para os pr\u00f3ximos meses. Toda semana ser\u00e1 realizado um Dia Nacional de Lutas em Defesa dos Bancos P\u00fablicos.<\/p>\n<p>Setembro:<\/p>\n<p>13 \u2013 Ato em Curitiba contra a persegui\u00e7\u00e3o judicial a Lula<\/p>\n<p>13 \u2013 Dia Nacional de Luta em Defesa dos Bancos P\u00fablicos<\/p>\n<p>14 \u2013 Dia Nacional de Lutas com Mobiliza\u00e7\u00e3o, Paralisa\u00e7\u00f5es e Greve<\/p>\n<p>19 \u2013 Mesa Tem\u00e1tica Igualdade de Oportunidades<\/p>\n<p>20 \u2013 Mesa Tem\u00e1tica Sa\u00fade<\/p>\n<p>20 \u2013 Dia Nacional de Luta em Defesa dos Bancos P\u00fablicos<\/p>\n<p>22 \u2013 Mesa Tem\u00e1tica de Acompanhamento da Cl\u00e1usula de Preven\u00e7\u00e3o de Conflitos<\/p>\n<p>25 \u2013 Assinatura do Aditivo da 65<\/p>\n<p>26 \u2013 Mesa Tem\u00e1tica de Seguran\u00e7a Banc\u00e1ria<\/p>\n<p>27 &#8211;\u00a0 Dia Nacional de Luta em Defesa dos Bancos P\u00fablicos<\/p>\n<p>\u00a0<\/p>\n<p>Outubro:<\/p>\n<p>3 \u2013 Reuni\u00e3o do Comando Nacional dos Banc\u00e1rios (RJ)\/ Ato no Rio de Janeiro em defesa da Petrobras e da Soberania Nacional<\/p>\n<p>4 \u2013 Dia Nacional de Luta em Defesa dos Bancos P\u00fablicos<\/p>\n<p>11 \u2013 Dia Nacional de Luta em Defesa dos Bancos P\u00fablicos<\/p>\n<p>18 \u2013 Dia Nacional de Luta em Defesa dos Bancos P\u00fablicos<\/p>\n<p>25 \u2013 Dia Nacional de Luta em Defesa dos Bancos P\u00fablicos<\/p>\n<p>\u00a0<\/p>\n<p>Novembro:<\/p>\n<p>1 \u2013 Dia Nacional de Luta em Defesa dos Bancos P\u00fablicos<\/p>\n<p>6 \u2013 Mesa Tem\u00e1tica Sa\u00fade do Trabalhador<\/p>\n<p>8 \u2013 Dia Nacional de Luta em Defesa dos Bancos P\u00fablicos<\/p>\n<p>11 \u2013 Ato em Bras\u00edlia pela anula\u00e7\u00e3o da antirreforma Trabalhista<\/p>\n<p>13 \u2013 Mesa Tem\u00e1tica Seguran\u00e7a Banc\u00e1ria<\/p>\n<p>14 \u2013 Alianza Latino Americana em Defesa de la Banca Publica \u2013 Montevideo<\/p>\n<p>16 a 18 \u2013 Jornada Continental contra o Neoliberalismo e pela Democracia<\/p>\n<p>20 \u2013 Mesa Tem\u00e1tica Igualdade de Oportunidades<\/p>\n<p>20 e 21 \u2013 UNI Mulheres Montevideo<\/p>\n<p>22 \u2013 Dia Nacional de Luta em Defesa dos Bancos P\u00fablicos<\/p>\n<p>27 \u2013 Mesa Tem\u00e1tica de Acompanhamento da Cl\u00e1usula de Preven\u00e7\u00e3o de Conflitos<\/p>\n<p>29 \u2013 Dia Nacional de Luta em Defesa dos Bancos P\u00fablicos<\/p>\n<p>\u00a0<\/p>\n<p>Dezembro:<\/p>\n<p>6 &#8211; Dia Nacional de Luta em Defesa dos Bancos P\u00fablicos<\/p>\n<p>13 &#8211; Dia Nacional de Luta em Defesa dos Bancos P\u00fablicos<\/p>\n<p>20 &#8211; Dia Nacional de Luta em Defesa dos Bancos P\u00fablicos<\/p>\n<p><strong>Fonte: Contraf-CUT<\/strong><\/p>\n","protected":false},"excerpt":{"rendered":"<p>A reuni\u00e3o do Comando Nacional dos Banc\u00e1rios, na tarde desta ter\u00e7a-feira (12), na sede da Contraf-CUT, em S\u00e3o Paulo, come\u00e7ou com uma palestra do advogado Jos\u00e9 Eymard Loguercio, assessor Jur\u00eddico da CUT, sobre os impactos nas negocia\u00e7\u00f5es coletivas de trabalho com a veda\u00e7\u00e3o da ultratividade, definida pela reforma trabalhista.A ultratividade era prevista numa s\u00famula que [&hellip;]<\/p>\n","protected":false},"author":2,"featured_media":3008,"comment_status":"","ping_status":"","sticky":false,"template":"","format":"standard","meta":{"footnotes":""},"categories":[3],"tags":[],"class_list":["post-3009","post","type-post","status-publish","format-standard","has-post-thumbnail","hentry","category-noticias"],"_links":{"self":[{"href":"https:\/\/hostnetart.com.br\/baixada\/wp-json\/wp\/v2\/posts\/3009","targetHints":{"allow":["GET"]}}],"collection":[{"href":"https:\/\/hostnetart.com.br\/baixada\/wp-json\/wp\/v2\/posts"}],"about":[{"href":"https:\/\/hostnetart.com.br\/baixada\/wp-json\/wp\/v2\/types\/post"}],"author":[{"embeddable":true,"href":"https:\/\/hostnetart.com.br\/baixada\/wp-json\/wp\/v2\/users\/2"}],"replies":[{"embeddable":true,"href":"https:\/\/hostnetart.com.br\/baixada\/wp-json\/wp\/v2\/comments?post=3009"}],"version-history":[{"count":0,"href":"https:\/\/hostnetart.com.br\/baixada\/wp-json\/wp\/v2\/posts\/3009\/revisions"}],"wp:featuredmedia":[{"embeddable":true,"href":"https:\/\/hostnetart.com.br\/baixada\/wp-json\/wp\/v2\/media\/3008"}],"wp:attachment":[{"href":"https:\/\/hostnetart.com.br\/baixada\/wp-json\/wp\/v2\/media?parent=3009"}],"wp:term":[{"taxonomy":"category","embeddable":true,"href":"https:\/\/hostnetart.com.br\/baixada\/wp-json\/wp\/v2\/categories?post=3009"},{"taxonomy":"post_tag","embeddable":true,"href":"https:\/\/hostnetart.com.br\/baixada\/wp-json\/wp\/v2\/tags?post=3009"}],"curies":[{"name":"wp","href":"https:\/\/api.w.org\/{rel}","templated":true}]}}