{"id":3007,"date":"2017-09-12T17:17:13","date_gmt":"2017-09-12T20:17:13","guid":{"rendered":"https:\/\/hostnetart.com.br\/baixada\/ato-semanal-dos-empregados-da-caixa-acontece-nesta-quarta-feira-14\/"},"modified":"2017-09-12T17:17:13","modified_gmt":"2017-09-12T20:17:13","slug":"ato-semanal-dos-empregados-da-caixa-acontece-nesta-quarta-feira-14","status":"publish","type":"post","link":"https:\/\/hostnetart.com.br\/baixada\/ato-semanal-dos-empregados-da-caixa-acontece-nesta-quarta-feira-14\/","title":{"rendered":"Ato semanal dos Empregados da Caixa acontece nesta quarta-feira (14)"},"content":{"rendered":"<p><em><span style=\"text-decoration: underline;\">Mobiliza\u00e7\u00e3o defende o banco 100% p\u00fablico e melhores condi\u00e7\u00f5es de trabalho<\/span><\/em><\/p>\n<p>Os trabalhadores da Caixa Econ\u00f4mica Federal seguem com as mobiliza\u00e7\u00f5es semanais contra o desmonte do banco p\u00fablico e por melhores condi\u00e7\u00f5es de trabalho. Nesta quarta-feira (13), os empregados da Caixa ir\u00e3o paralisar as ag\u00eancias e atos ocorreram em todo o pa\u00eds.<\/p>\n<p>O objetivo das manifesta\u00e7\u00f5es \u00e9 alertar a popula\u00e7\u00e3o sobre o processo de desmonte da empresa. Durante negocia\u00e7\u00e3o, ocorrida na ter\u00e7a-feira (15\/8), representantes do banco anunciaram que 100 ag\u00eancias seriam reavaliadas e poderiam ser fechadas ou fundidas com outras unidades, dependendo do seu desempenho, principalmente o financeiro.<\/p>\n<p>Dias depois, os banc\u00e1rios foram surpreendidos com o fechamento de importantes pontos de atendimento \u00e0 popula\u00e7\u00e3o.\u00a0 \u201cNos posicionamos contr\u00e1rios ao fechamento de unidades e refor\u00e7amos que a Caixa \u00e9 um banco que deve manter sua presen\u00e7a em todo o pa\u00eds, que isso faz parte de sua fun\u00e7\u00e3o social. Vamos alertar os brasileiros de que o banco p\u00fablico, respons\u00e1vel por cerca de 70% do cr\u00e9dito imobili\u00e1rio e por programas sociais fundamentais para o pa\u00eds, est\u00e1 sendo desmontado por este governo\u201d, destaca Dion\u00edsio Reis, coordenador da Comiss\u00e3o Executiva dos Empregados (CEE\/Caixa).<\/p>\n<p>A orienta\u00e7\u00e3o, aprovada em reuni\u00e3o de planejamento da CEE, realizada na quarta-feira (16\/8), na sede da Fenae em Bras\u00edlia, \u00e9 que sindicatos e federa\u00e7\u00f5es promovam atos p\u00fablicos nas unidades, reuni\u00f5es nos locais de trabalho, audi\u00eancias p\u00fablicas, entres outras iniciativas, para chamar aten\u00e7\u00e3o da sociedade para a pol\u00edtica do governo que visa o enxugamento da Caixa e a redu\u00e7\u00e3o do seu papel social.<\/p>\n","protected":false},"excerpt":{"rendered":"<p>Mobiliza\u00e7\u00e3o defende o banco 100% p\u00fablico e melhores condi\u00e7\u00f5es de trabalho Os trabalhadores da Caixa Econ\u00f4mica Federal seguem com as mobiliza\u00e7\u00f5es semanais contra o desmonte do banco p\u00fablico e por melhores condi\u00e7\u00f5es de trabalho. Nesta quarta-feira (13), os empregados da Caixa ir\u00e3o paralisar as ag\u00eancias e atos ocorreram em todo o pa\u00eds. O objetivo das [&hellip;]<\/p>\n","protected":false},"author":2,"featured_media":3006,"comment_status":"","ping_status":"","sticky":false,"template":"","format":"standard","meta":{"footnotes":""},"categories":[3],"tags":[],"class_list":["post-3007","post","type-post","status-publish","format-standard","has-post-thumbnail","hentry","category-noticias"],"_links":{"self":[{"href":"https:\/\/hostnetart.com.br\/baixada\/wp-json\/wp\/v2\/posts\/3007","targetHints":{"allow":["GET"]}}],"collection":[{"href":"https:\/\/hostnetart.com.br\/baixada\/wp-json\/wp\/v2\/posts"}],"about":[{"href":"https:\/\/hostnetart.com.br\/baixada\/wp-json\/wp\/v2\/types\/post"}],"author":[{"embeddable":true,"href":"https:\/\/hostnetart.com.br\/baixada\/wp-json\/wp\/v2\/users\/2"}],"replies":[{"embeddable":true,"href":"https:\/\/hostnetart.com.br\/baixada\/wp-json\/wp\/v2\/comments?post=3007"}],"version-history":[{"count":0,"href":"https:\/\/hostnetart.com.br\/baixada\/wp-json\/wp\/v2\/posts\/3007\/revisions"}],"wp:featuredmedia":[{"embeddable":true,"href":"https:\/\/hostnetart.com.br\/baixada\/wp-json\/wp\/v2\/media\/3006"}],"wp:attachment":[{"href":"https:\/\/hostnetart.com.br\/baixada\/wp-json\/wp\/v2\/media?parent=3007"}],"wp:term":[{"taxonomy":"category","embeddable":true,"href":"https:\/\/hostnetart.com.br\/baixada\/wp-json\/wp\/v2\/categories?post=3007"},{"taxonomy":"post_tag","embeddable":true,"href":"https:\/\/hostnetart.com.br\/baixada\/wp-json\/wp\/v2\/tags?post=3007"}],"curies":[{"name":"wp","href":"https:\/\/api.w.org\/{rel}","templated":true}]}}