{"id":3003,"date":"2017-09-12T16:32:24","date_gmt":"2017-09-12T19:32:24","guid":{"rendered":"https:\/\/hostnetart.com.br\/baixada\/pac-3-agora-ou-nunca\/"},"modified":"2017-09-12T16:32:24","modified_gmt":"2017-09-12T19:32:24","slug":"pac-3-agora-ou-nunca","status":"publish","type":"post","link":"https:\/\/hostnetart.com.br\/baixada\/pac-3-agora-ou-nunca\/","title":{"rendered":"PAC 3: agora ou nunca"},"content":{"rendered":"<p>Os participantes assistidos do PAC 3 podem alterar o indexador da TR para o IPCA at\u00e9 o dia 26 de setembro. As altera\u00e7\u00f5es, que tratam do reajuste dos benef\u00edcios pagos aos aposentados, foram aprovadas pela Superintend\u00eancia Nacional da Previd\u00eancia Complementar (Previc) e publicadas no Di\u00e1rio oficial da Uni\u00e3o, no dia 30 de mar\u00e7o.<\/p>\n<p>As altera\u00e7\u00f5es regulamentares do PAC foram submetidas a avalia\u00e7\u00e3o do comit\u00ea do plano e aprovados pelo conselho deliberativo, baseando-se em estudos realizados pela diretoria e na nota n\u00famero 2\/2015 Ditec\/Previc, publicada pela Previc, a respeito da forma de atualiza\u00e7\u00e3o de benef\u00edcios estruturados na modalidade BD, cuja aplicabilidade foi suspensa pela pr\u00f3pria Previc.<\/p>\n<p>Os reajustes anuais continuar\u00e3o sendo efetuados em 1\u00ba de julho de cada ano, com base na varia\u00e7\u00e3o aos \u00faltimos doze meses da seguinte forma: participantes inscritos a partir de 11 de novembro de 1980 \u2013 PAC 3 aposentados e eleg\u00edveis at\u00e9 a data da aprova\u00e7\u00e3o das mudan\u00e7as regulamentares dever\u00e3o optar entre a atual forma de indexa\u00e7\u00e3o (Taxa Referencial &#8211; TR) ou aplica\u00e7\u00e3o do IPCA\/IBGE.<\/p>\n<p>\u201cO PAC 3 tem a caracter\u00edstica limitativa de pagar complementa\u00e7\u00e3o at\u00e9 o teto do INSS, al\u00e9m disto, permanece praticamente congelado. O participante deve migrar para o INPC para garantir e valorizar sua reserva\u201d, afirma Erica Godoy, dirigente da Fetec\/CUT-SP e Conselheira deliberativa da Funda\u00e7\u00e3o Ita\u00fa Unibanco.<\/p>\n<p>Para os participantes que optarem pela troca o pagamento ser\u00e1 aplicado com reajuste retroativo a julho de 2016. Para os participantes do PAC 3 ativos e n\u00e3o eleg\u00edveis a troca ser\u00e1 autom\u00e1tica.<\/p>\n<p>A ades\u00e3o dever\u00e1 ser feita pelo telefone da Funda\u00e7\u00e3o 4002-1299.<\/p>\n<p>\u201cSempre foi uma luta do movimento sindical resistir ao arrocho. \u00c9 nossa obriga\u00e7\u00e3o orientar os participantes\u201d, conclui Erica Godoy.<\/p>\n<p>PLANO PAC \u00cdNDICE DE REAJUSTE PARA JULHO DE 2017<\/p>\n<p>TR TAXA REFERENCIAL<br \/>\u00a0\u00a0 \u00a0<\/p>\n<p>IPCA\/IBGE(SOMENTE PARA AQUELES QUE OPTAREM PELA TROCA DO INDEXADOR )<\/p>\n<p>1,5547%<br \/>\u00a0\u00a0 \u00a0<\/p>\n<p>2,9986%<\/p>\n<p>\u00a0<\/p>\n<p>Fonte: Seeb S\u00e3o Paulo<\/p>\n","protected":false},"excerpt":{"rendered":"<p>Os participantes assistidos do PAC 3 podem alterar o indexador da TR para o IPCA at\u00e9 o dia 26 de setembro. As altera\u00e7\u00f5es, que tratam do reajuste dos benef\u00edcios pagos aos aposentados, foram aprovadas pela Superintend\u00eancia Nacional da Previd\u00eancia Complementar (Previc) e publicadas no Di\u00e1rio oficial da Uni\u00e3o, no dia 30 de mar\u00e7o. As altera\u00e7\u00f5es [&hellip;]<\/p>\n","protected":false},"author":2,"featured_media":3002,"comment_status":"","ping_status":"","sticky":false,"template":"","format":"standard","meta":{"footnotes":""},"categories":[3],"tags":[],"class_list":["post-3003","post","type-post","status-publish","format-standard","has-post-thumbnail","hentry","category-noticias"],"_links":{"self":[{"href":"https:\/\/hostnetart.com.br\/baixada\/wp-json\/wp\/v2\/posts\/3003","targetHints":{"allow":["GET"]}}],"collection":[{"href":"https:\/\/hostnetart.com.br\/baixada\/wp-json\/wp\/v2\/posts"}],"about":[{"href":"https:\/\/hostnetart.com.br\/baixada\/wp-json\/wp\/v2\/types\/post"}],"author":[{"embeddable":true,"href":"https:\/\/hostnetart.com.br\/baixada\/wp-json\/wp\/v2\/users\/2"}],"replies":[{"embeddable":true,"href":"https:\/\/hostnetart.com.br\/baixada\/wp-json\/wp\/v2\/comments?post=3003"}],"version-history":[{"count":0,"href":"https:\/\/hostnetart.com.br\/baixada\/wp-json\/wp\/v2\/posts\/3003\/revisions"}],"wp:featuredmedia":[{"embeddable":true,"href":"https:\/\/hostnetart.com.br\/baixada\/wp-json\/wp\/v2\/media\/3002"}],"wp:attachment":[{"href":"https:\/\/hostnetart.com.br\/baixada\/wp-json\/wp\/v2\/media?parent=3003"}],"wp:term":[{"taxonomy":"category","embeddable":true,"href":"https:\/\/hostnetart.com.br\/baixada\/wp-json\/wp\/v2\/categories?post=3003"},{"taxonomy":"post_tag","embeddable":true,"href":"https:\/\/hostnetart.com.br\/baixada\/wp-json\/wp\/v2\/tags?post=3003"}],"curies":[{"name":"wp","href":"https:\/\/api.w.org\/{rel}","templated":true}]}}