{"id":3001,"date":"2017-09-12T16:28:25","date_gmt":"2017-09-12T19:28:25","guid":{"rendered":"https:\/\/hostnetart.com.br\/baixada\/santander-paga-plr-no-dia-20\/"},"modified":"2017-09-12T16:28:25","modified_gmt":"2017-09-12T19:28:25","slug":"santander-paga-plr-no-dia-20","status":"publish","type":"post","link":"https:\/\/hostnetart.com.br\/baixada\/santander-paga-plr-no-dia-20\/","title":{"rendered":"Santander paga PLR no dia 20"},"content":{"rendered":"<p><em><span style=\"text-decoration: underline;\">Banco atende solicita\u00e7\u00e3o da Contraf-CUT, federa\u00e7\u00f5es e sindicatos<\/span><\/em><\/p>\n<p>O Santander pagar\u00e1 na quarta-feira (20) a primeira parcela da Participa\u00e7\u00e3o nos Lucros e Resultados (PLR). A institui\u00e7\u00e3o financeira atendeu a reivindica\u00e7\u00e3o da Confedera\u00e7\u00e3o Nacional dos Trabalhadores do Ramo Financeiro (Contraf-CUT), federa\u00e7\u00f5es e sindicatos, encaminhada a todos os bancos, para a antecipa\u00e7\u00e3o do valor, definido de acordo com a Conven\u00e7\u00e3o Coletiva de Trabalho (CCT), v\u00e1lida para o per\u00edodo 2016\/2018<\/p>\n<p>O pagamento da PLR corresponde a 54% do sal\u00e1rio mais o valor de R$ 1.346,15. A parcela adicional \u00e9 de R$ 2.243,58.\u00a0 A segunda parcela da PLR deve ser paga at\u00e9 mar\u00e7o de 2018.<\/p>\n<p><strong>Fonte: Contraf-CUT<\/strong><\/p>\n","protected":false},"excerpt":{"rendered":"<p>Banco atende solicita\u00e7\u00e3o da Contraf-CUT, federa\u00e7\u00f5es e sindicatos O Santander pagar\u00e1 na quarta-feira (20) a primeira parcela da Participa\u00e7\u00e3o nos Lucros e Resultados (PLR). A institui\u00e7\u00e3o financeira atendeu a reivindica\u00e7\u00e3o da Confedera\u00e7\u00e3o Nacional dos Trabalhadores do Ramo Financeiro (Contraf-CUT), federa\u00e7\u00f5es e sindicatos, encaminhada a todos os bancos, para a antecipa\u00e7\u00e3o do valor, definido de acordo [&hellip;]<\/p>\n","protected":false},"author":2,"featured_media":3000,"comment_status":"","ping_status":"","sticky":false,"template":"","format":"standard","meta":{"footnotes":""},"categories":[3],"tags":[],"class_list":["post-3001","post","type-post","status-publish","format-standard","has-post-thumbnail","hentry","category-noticias"],"_links":{"self":[{"href":"https:\/\/hostnetart.com.br\/baixada\/wp-json\/wp\/v2\/posts\/3001","targetHints":{"allow":["GET"]}}],"collection":[{"href":"https:\/\/hostnetart.com.br\/baixada\/wp-json\/wp\/v2\/posts"}],"about":[{"href":"https:\/\/hostnetart.com.br\/baixada\/wp-json\/wp\/v2\/types\/post"}],"author":[{"embeddable":true,"href":"https:\/\/hostnetart.com.br\/baixada\/wp-json\/wp\/v2\/users\/2"}],"replies":[{"embeddable":true,"href":"https:\/\/hostnetart.com.br\/baixada\/wp-json\/wp\/v2\/comments?post=3001"}],"version-history":[{"count":0,"href":"https:\/\/hostnetart.com.br\/baixada\/wp-json\/wp\/v2\/posts\/3001\/revisions"}],"wp:featuredmedia":[{"embeddable":true,"href":"https:\/\/hostnetart.com.br\/baixada\/wp-json\/wp\/v2\/media\/3000"}],"wp:attachment":[{"href":"https:\/\/hostnetart.com.br\/baixada\/wp-json\/wp\/v2\/media?parent=3001"}],"wp:term":[{"taxonomy":"category","embeddable":true,"href":"https:\/\/hostnetart.com.br\/baixada\/wp-json\/wp\/v2\/categories?post=3001"},{"taxonomy":"post_tag","embeddable":true,"href":"https:\/\/hostnetart.com.br\/baixada\/wp-json\/wp\/v2\/tags?post=3001"}],"curies":[{"name":"wp","href":"https:\/\/api.w.org\/{rel}","templated":true}]}}