{"id":2999,"date":"2017-09-12T12:04:26","date_gmt":"2017-09-12T15:04:26","guid":{"rendered":"https:\/\/hostnetart.com.br\/baixada\/bradesco-paga-plr-nesta-sexta-feira-15\/"},"modified":"2017-09-12T12:04:26","modified_gmt":"2017-09-12T15:04:26","slug":"bradesco-paga-plr-nesta-sexta-feira-15","status":"publish","type":"post","link":"https:\/\/hostnetart.com.br\/baixada\/bradesco-paga-plr-nesta-sexta-feira-15\/","title":{"rendered":"Bradesco paga PLR nesta sexta-feira (15)"},"content":{"rendered":"<p><em><span style=\"text-decoration: underline;\">Institui\u00e7\u00e3o financeira atende \u00e0 solicita\u00e7\u00e3o da Contraf-CUT, federa\u00e7\u00f5es e sindicatos<\/span><\/em><\/p>\n<p>O Bradesco pagar\u00e1 na pr\u00f3xima sexta (15) a antecipa\u00e7\u00e3o da Participa\u00e7\u00e3o nos Lucros e Resultados (PLR). \u201cA institui\u00e7\u00e3o financeira atende \u00e0 solicita\u00e7\u00e3o da Confedera\u00e7\u00e3o Nacional dos Trabalhadores do Ramo Financeiro (Contraf-CUT) , encaminhada a todos os bancos, para a antecipa\u00e7\u00e3o do valor, definido de acordo com a Conven\u00e7\u00e3o Coletiva de Trabalho (CCT), v\u00e1lida para o per\u00edodo 2016\/2018\u201d, afirma Juvandia Moreira, vice-presidenta da Contraf-CUT.<\/p>\n<p>A antecipa\u00e7\u00e3o da PLR corresponde a 54% do sal\u00e1rio mais o valor de R$ 1.346,15. A parcela adicional \u00e9 de R$ 2.243,58.<\/p>\n<p><strong>Fonte: Contraf-CUT<\/strong><\/p>\n","protected":false},"excerpt":{"rendered":"<p>Institui\u00e7\u00e3o financeira atende \u00e0 solicita\u00e7\u00e3o da Contraf-CUT, federa\u00e7\u00f5es e sindicatos O Bradesco pagar\u00e1 na pr\u00f3xima sexta (15) a antecipa\u00e7\u00e3o da Participa\u00e7\u00e3o nos Lucros e Resultados (PLR). \u201cA institui\u00e7\u00e3o financeira atende \u00e0 solicita\u00e7\u00e3o da Confedera\u00e7\u00e3o Nacional dos Trabalhadores do Ramo Financeiro (Contraf-CUT) , encaminhada a todos os bancos, para a antecipa\u00e7\u00e3o do valor, definido de acordo [&hellip;]<\/p>\n","protected":false},"author":2,"featured_media":2998,"comment_status":"","ping_status":"","sticky":false,"template":"","format":"standard","meta":{"footnotes":""},"categories":[3],"tags":[],"class_list":["post-2999","post","type-post","status-publish","format-standard","has-post-thumbnail","hentry","category-noticias"],"_links":{"self":[{"href":"https:\/\/hostnetart.com.br\/baixada\/wp-json\/wp\/v2\/posts\/2999","targetHints":{"allow":["GET"]}}],"collection":[{"href":"https:\/\/hostnetart.com.br\/baixada\/wp-json\/wp\/v2\/posts"}],"about":[{"href":"https:\/\/hostnetart.com.br\/baixada\/wp-json\/wp\/v2\/types\/post"}],"author":[{"embeddable":true,"href":"https:\/\/hostnetart.com.br\/baixada\/wp-json\/wp\/v2\/users\/2"}],"replies":[{"embeddable":true,"href":"https:\/\/hostnetart.com.br\/baixada\/wp-json\/wp\/v2\/comments?post=2999"}],"version-history":[{"count":0,"href":"https:\/\/hostnetart.com.br\/baixada\/wp-json\/wp\/v2\/posts\/2999\/revisions"}],"wp:featuredmedia":[{"embeddable":true,"href":"https:\/\/hostnetart.com.br\/baixada\/wp-json\/wp\/v2\/media\/2998"}],"wp:attachment":[{"href":"https:\/\/hostnetart.com.br\/baixada\/wp-json\/wp\/v2\/media?parent=2999"}],"wp:term":[{"taxonomy":"category","embeddable":true,"href":"https:\/\/hostnetart.com.br\/baixada\/wp-json\/wp\/v2\/categories?post=2999"},{"taxonomy":"post_tag","embeddable":true,"href":"https:\/\/hostnetart.com.br\/baixada\/wp-json\/wp\/v2\/tags?post=2999"}],"curies":[{"name":"wp","href":"https:\/\/api.w.org\/{rel}","templated":true}]}}