{"id":2995,"date":"2017-09-11T18:15:59","date_gmt":"2017-09-11T21:15:59","guid":{"rendered":"https:\/\/hostnetart.com.br\/baixada\/contraf-cut-repudia-cancelamento-de-exposicao-no-santander-cultural\/"},"modified":"2017-09-11T18:15:59","modified_gmt":"2017-09-11T21:15:59","slug":"contraf-cut-repudia-cancelamento-de-exposicao-no-santander-cultural","status":"publish","type":"post","link":"https:\/\/hostnetart.com.br\/baixada\/contraf-cut-repudia-cancelamento-de-exposicao-no-santander-cultural\/","title":{"rendered":"Contraf-CUT repudia cancelamento de exposi\u00e7\u00e3o no Santander Cultural"},"content":{"rendered":"<p>A Contraf-CUT repudia veementemente o cancelamento da exposi\u00e7\u00e3o &#8220;Queermuseu &#8211; Cartografias da Diferen\u00e7a na Arte Brasileira&#8221;, que estava em cartaz desde 15 de agosto no Santander Cultural, em Porto Alegre, ap\u00f3s protestos em redes sociais liderados, principalmente, pelo Movimento Brasil Livre (MBL) e por religiosos. A mostra ficaria em cartaz at\u00e9 8 de outubro, com 270 obras relacionadas a quest\u00f5es de g\u00eanero, de 85 artistas, como Adriana Varej\u00e3o, C\u00e2ndido Portinari e Ligia Clark.<\/p>\n<p>Para Mauro Salles Machado, secret\u00e1rio de Pol\u00edticas Sociais da Contraf-CUT, o fechamento da exposi\u00e7\u00e3o \u00e9 um ato de intoler\u00e2ncia de um setor social a uma mostra art\u00edstica que retrata uma realidade que costuma ser escondida pela sociedade. \u201cN\u00e3o \u00e9 s\u00f3 a hipocrisia social que se revela a\u00ed: trata-se do car\u00e1ter repressivo de um banco que se esconde atr\u00e1s de uma fachada de modernidade, enquanto trata seus empregados com autoritarismo e explora\u00e7\u00e3o.\u201d<\/p>\n<p>De acordo com o secret\u00e1rio de Pol\u00edticas Sociais, ao se submeter aos grupos conservadores, o banco de matriz espanhola n\u00e3o s\u00f3 autoriza a volta da Censura no Brasil, como mostra que seu apoio a arte e a cultura, na verdade n\u00e3o passa de um lance de \u201cmarketing\u201d para o grande p\u00fablico. \u201cEnquanto esta institui\u00e7\u00e3o financeira bilion\u00e1ria, espalhada pelo mundo, finge dar grande apoio a arte, internamente ela segue explorando seus empregados, paga mal e pratica ass\u00e9dio moral ao impor metas abusivas para os banc\u00e1rios.\u201d<\/p>\n<p>Ao aceitar a censura sobre a arte, conclui Mauro Salles, o banco exp\u00f5e a sua pr\u00f3pria pr\u00e1tica dentro de cada ag\u00eancia banc\u00e1ria, onde s\u00e3o frequentes os casos de preconceito e discrimina\u00e7\u00e3o de banc\u00e1rios negros, LGBTs, pessoas com defici\u00eancia e outras chamadas minorias. \u201cQualquer ato de intoler\u00e2ncia n\u00e3o serve aos trabalhadores.\u201d<\/p>\n<p><strong>Fonte: Contraf-CUT<\/strong><\/p>\n","protected":false},"excerpt":{"rendered":"<p>A Contraf-CUT repudia veementemente o cancelamento da exposi\u00e7\u00e3o &#8220;Queermuseu &#8211; Cartografias da Diferen\u00e7a na Arte Brasileira&#8221;, que estava em cartaz desde 15 de agosto no Santander Cultural, em Porto Alegre, ap\u00f3s protestos em redes sociais liderados, principalmente, pelo Movimento Brasil Livre (MBL) e por religiosos. A mostra ficaria em cartaz at\u00e9 8 de outubro, com [&hellip;]<\/p>\n","protected":false},"author":2,"featured_media":2994,"comment_status":"","ping_status":"","sticky":false,"template":"","format":"standard","meta":{"footnotes":""},"categories":[3],"tags":[],"class_list":["post-2995","post","type-post","status-publish","format-standard","has-post-thumbnail","hentry","category-noticias"],"_links":{"self":[{"href":"https:\/\/hostnetart.com.br\/baixada\/wp-json\/wp\/v2\/posts\/2995","targetHints":{"allow":["GET"]}}],"collection":[{"href":"https:\/\/hostnetart.com.br\/baixada\/wp-json\/wp\/v2\/posts"}],"about":[{"href":"https:\/\/hostnetart.com.br\/baixada\/wp-json\/wp\/v2\/types\/post"}],"author":[{"embeddable":true,"href":"https:\/\/hostnetart.com.br\/baixada\/wp-json\/wp\/v2\/users\/2"}],"replies":[{"embeddable":true,"href":"https:\/\/hostnetart.com.br\/baixada\/wp-json\/wp\/v2\/comments?post=2995"}],"version-history":[{"count":0,"href":"https:\/\/hostnetart.com.br\/baixada\/wp-json\/wp\/v2\/posts\/2995\/revisions"}],"wp:featuredmedia":[{"embeddable":true,"href":"https:\/\/hostnetart.com.br\/baixada\/wp-json\/wp\/v2\/media\/2994"}],"wp:attachment":[{"href":"https:\/\/hostnetart.com.br\/baixada\/wp-json\/wp\/v2\/media?parent=2995"}],"wp:term":[{"taxonomy":"category","embeddable":true,"href":"https:\/\/hostnetart.com.br\/baixada\/wp-json\/wp\/v2\/categories?post=2995"},{"taxonomy":"post_tag","embeddable":true,"href":"https:\/\/hostnetart.com.br\/baixada\/wp-json\/wp\/v2\/tags?post=2995"}],"curies":[{"name":"wp","href":"https:\/\/api.w.org\/{rel}","templated":true}]}}