{"id":2991,"date":"2017-09-11T18:09:30","date_gmt":"2017-09-11T21:09:30","guid":{"rendered":"https:\/\/hostnetart.com.br\/baixada\/contraf-cut-pede-antecipacao-do-pagamento-da-plr\/"},"modified":"2017-09-11T18:09:30","modified_gmt":"2017-09-11T21:09:30","slug":"contraf-cut-pede-antecipacao-do-pagamento-da-plr","status":"publish","type":"post","link":"https:\/\/hostnetart.com.br\/baixada\/contraf-cut-pede-antecipacao-do-pagamento-da-plr\/","title":{"rendered":"Contraf-CUT pede antecipa\u00e7\u00e3o do pagamento da PLR"},"content":{"rendered":"<p>Os bancos t\u00eam at\u00e9 30 de setembro para creditar a antecipa\u00e7\u00e3o da PLR, de acordo com a Conven\u00e7\u00e3o Coletiva do Trabalho 2016\/ 2017. Por\u00e9m, a Contraf-CUT j\u00e1 solicitou aos bancos a antecipa\u00e7\u00e3o do pagamento PLR. Neste ano, o benef\u00edcio ter\u00e1 reajuste de 2,75%, na compara\u00e7\u00e3o com 2016.<\/p>\n<p>O pagamento da antecipa\u00e7\u00e3o da PLR \u00e9 composto por uma regra b\u00e1sica e uma parcela adicional. A regra b\u00e1sica \u00e9 calculada sobre o sal\u00e1rio do banc\u00e1rio (54% do sal\u00e1rio) reajustado de acordo com a CCT. \u00c0 mesma regra b\u00e1sica \u00e9 acrescido um valor fixo, que tamb\u00e9m \u00e9 reajustado pelo \u00edndice geral. Isso vale para bancos p\u00fablicos e privados.<\/p>\n<p>O outro montante que comp\u00f5e a PLR \u00e9 a antecipa\u00e7\u00e3o da parcela adicional. Esta depende do lucro do banco (distribui\u00e7\u00e3o linear de 2,2% do lucro do 1\u00ba semestre), dividido pelo n\u00famero de funcion\u00e1rios.<\/p>\n<p><strong>Fonte: Contraf-CUT<\/strong><\/p>\n","protected":false},"excerpt":{"rendered":"<p>Os bancos t\u00eam at\u00e9 30 de setembro para creditar a antecipa\u00e7\u00e3o da PLR, de acordo com a Conven\u00e7\u00e3o Coletiva do Trabalho 2016\/ 2017. Por\u00e9m, a Contraf-CUT j\u00e1 solicitou aos bancos a antecipa\u00e7\u00e3o do pagamento PLR. Neste ano, o benef\u00edcio ter\u00e1 reajuste de 2,75%, na compara\u00e7\u00e3o com 2016. O pagamento da antecipa\u00e7\u00e3o da PLR \u00e9 composto [&hellip;]<\/p>\n","protected":false},"author":2,"featured_media":2990,"comment_status":"","ping_status":"","sticky":false,"template":"","format":"standard","meta":{"footnotes":""},"categories":[3],"tags":[],"class_list":["post-2991","post","type-post","status-publish","format-standard","has-post-thumbnail","hentry","category-noticias"],"_links":{"self":[{"href":"https:\/\/hostnetart.com.br\/baixada\/wp-json\/wp\/v2\/posts\/2991","targetHints":{"allow":["GET"]}}],"collection":[{"href":"https:\/\/hostnetart.com.br\/baixada\/wp-json\/wp\/v2\/posts"}],"about":[{"href":"https:\/\/hostnetart.com.br\/baixada\/wp-json\/wp\/v2\/types\/post"}],"author":[{"embeddable":true,"href":"https:\/\/hostnetart.com.br\/baixada\/wp-json\/wp\/v2\/users\/2"}],"replies":[{"embeddable":true,"href":"https:\/\/hostnetart.com.br\/baixada\/wp-json\/wp\/v2\/comments?post=2991"}],"version-history":[{"count":0,"href":"https:\/\/hostnetart.com.br\/baixada\/wp-json\/wp\/v2\/posts\/2991\/revisions"}],"wp:featuredmedia":[{"embeddable":true,"href":"https:\/\/hostnetart.com.br\/baixada\/wp-json\/wp\/v2\/media\/2990"}],"wp:attachment":[{"href":"https:\/\/hostnetart.com.br\/baixada\/wp-json\/wp\/v2\/media?parent=2991"}],"wp:term":[{"taxonomy":"category","embeddable":true,"href":"https:\/\/hostnetart.com.br\/baixada\/wp-json\/wp\/v2\/categories?post=2991"},{"taxonomy":"post_tag","embeddable":true,"href":"https:\/\/hostnetart.com.br\/baixada\/wp-json\/wp\/v2\/tags?post=2991"}],"curies":[{"name":"wp","href":"https:\/\/api.w.org\/{rel}","templated":true}]}}