{"id":2989,"date":"2017-09-11T18:07:09","date_gmt":"2017-09-11T21:07:09","guid":{"rendered":"https:\/\/hostnetart.com.br\/baixada\/contraf-cut-e-banco-do-brasil-se-reunem-quinta-feira-14-para-debater-mudancas-na-pso\/"},"modified":"2017-09-11T18:07:09","modified_gmt":"2017-09-11T21:07:09","slug":"contraf-cut-e-banco-do-brasil-se-reunem-quinta-feira-14-para-debater-mudancas-na-pso","status":"publish","type":"post","link":"https:\/\/hostnetart.com.br\/baixada\/contraf-cut-e-banco-do-brasil-se-reunem-quinta-feira-14-para-debater-mudancas-na-pso\/","title":{"rendered":"Contraf-CUT e Banco do Brasil se re\u00fanem quinta-feira (14) para debater mudan\u00e7as na PSO"},"content":{"rendered":"<p>A Contraf-CUT se re\u00fane, na quinta-feira (14), com o Banco do Brasil para debater as mudan\u00e7as que est\u00e3o acontecendo nas Plataforma de Suporte Operacional (PSO) e nas atribui\u00e7\u00f5es dos caixas executivos.<\/p>\n<p>O BB iniciou um piloto com mais de 200 salas de autoatendimento e algumas mudan\u00e7as t\u00eam gerado reclama\u00e7\u00f5es e d\u00favidas de banc\u00e1rias e banc\u00e1rios que atuam nas PSO.<\/p>\n<p>A reuni\u00e3o faz parte do processo de negocia\u00e7\u00e3o permanente e foi solicitada ela Comiss\u00e3o de Empresa. O BB far\u00e1 uma apresenta\u00e7\u00e3o do projeto em implanta\u00e7\u00e3o e os representantes dos banc\u00e1rios levar\u00e3o os questionamentos sobre os problemas quem vem ocorrendo.<\/p>\n<p>Para Wagner Nascimento, coordenador da Comiss\u00e3o de Empresa dos Funcion\u00e1rios do BB, todas as mudan\u00e7as devem ser bastante debatidas para se evitar desvios nas fun\u00e7\u00f5es ou atribui\u00e7\u00f5es dos funcion\u00e1rios da PSO, bem como manter todas as tarefas dentro das instru\u00e7\u00f5es normativas e legais. \u201c\u00c9 necess\u00e1ria a disposi\u00e7\u00e3o do banco em debater os efeitos das mudan\u00e7as na ponta, onde as coisas acontecem na pr\u00e1tica. \u00c9 comum um projeto ser alterado nas esferas inferiores devido \u2018mentes criativas\u2019, gerando reclama\u00e7\u00f5es de funcion\u00e1rios e clientes.\u201d<\/p>\n<p>Fonte: Contraf-CUT<\/p>\n","protected":false},"excerpt":{"rendered":"<p>A Contraf-CUT se re\u00fane, na quinta-feira (14), com o Banco do Brasil para debater as mudan\u00e7as que est\u00e3o acontecendo nas Plataforma de Suporte Operacional (PSO) e nas atribui\u00e7\u00f5es dos caixas executivos. O BB iniciou um piloto com mais de 200 salas de autoatendimento e algumas mudan\u00e7as t\u00eam gerado reclama\u00e7\u00f5es e d\u00favidas de banc\u00e1rias e banc\u00e1rios [&hellip;]<\/p>\n","protected":false},"author":2,"featured_media":2988,"comment_status":"","ping_status":"","sticky":false,"template":"","format":"standard","meta":{"footnotes":""},"categories":[3],"tags":[],"class_list":["post-2989","post","type-post","status-publish","format-standard","has-post-thumbnail","hentry","category-noticias"],"_links":{"self":[{"href":"https:\/\/hostnetart.com.br\/baixada\/wp-json\/wp\/v2\/posts\/2989","targetHints":{"allow":["GET"]}}],"collection":[{"href":"https:\/\/hostnetart.com.br\/baixada\/wp-json\/wp\/v2\/posts"}],"about":[{"href":"https:\/\/hostnetart.com.br\/baixada\/wp-json\/wp\/v2\/types\/post"}],"author":[{"embeddable":true,"href":"https:\/\/hostnetart.com.br\/baixada\/wp-json\/wp\/v2\/users\/2"}],"replies":[{"embeddable":true,"href":"https:\/\/hostnetart.com.br\/baixada\/wp-json\/wp\/v2\/comments?post=2989"}],"version-history":[{"count":0,"href":"https:\/\/hostnetart.com.br\/baixada\/wp-json\/wp\/v2\/posts\/2989\/revisions"}],"wp:featuredmedia":[{"embeddable":true,"href":"https:\/\/hostnetart.com.br\/baixada\/wp-json\/wp\/v2\/media\/2988"}],"wp:attachment":[{"href":"https:\/\/hostnetart.com.br\/baixada\/wp-json\/wp\/v2\/media?parent=2989"}],"wp:term":[{"taxonomy":"category","embeddable":true,"href":"https:\/\/hostnetart.com.br\/baixada\/wp-json\/wp\/v2\/categories?post=2989"},{"taxonomy":"post_tag","embeddable":true,"href":"https:\/\/hostnetart.com.br\/baixada\/wp-json\/wp\/v2\/tags?post=2989"}],"curies":[{"name":"wp","href":"https:\/\/api.w.org\/{rel}","templated":true}]}}