{"id":2983,"date":"2017-09-08T14:16:01","date_gmt":"2017-09-08T17:16:01","guid":{"rendered":"https:\/\/hostnetart.com.br\/baixada\/campanha-para-anular-a-reforma-trabalhista-ja-esta-nas-ruas\/"},"modified":"2017-09-08T14:16:01","modified_gmt":"2017-09-08T17:16:01","slug":"campanha-para-anular-a-reforma-trabalhista-ja-esta-nas-ruas","status":"publish","type":"post","link":"https:\/\/hostnetart.com.br\/baixada\/campanha-para-anular-a-reforma-trabalhista-ja-esta-nas-ruas\/","title":{"rendered":"Campanha para anular a Reforma Trabalhista j\u00e1 est\u00e1 nas ruas"},"content":{"rendered":"<p>As manifesta\u00e7\u00f5es do Grito dos Exclu\u00eddos, nesta quinta-feira (7) em todo o pa\u00eds, foram o espa\u00e7o de lan\u00e7amento nacional da Campanha Pela Anula\u00e7\u00e3o da Reforma Trabalhista, que vai coletar 1,3 milh\u00e3o de assinaturas para um Projeto de Lei de Iniciativa Popular que prop\u00f5e a revoga\u00e7\u00e3o da Reforma Trabalhista de Temer, prevista para entrar em vigor no pr\u00f3ximo dia 11 de novembro.<\/p>\n<p>Ap\u00f3s o recolhimento das assinaturas, o projeto ser\u00e1 entregue \u00e0 C\u00e2mara dos Deputados, com o lan\u00e7amento de uma nova etapa da campanha, para exigir a vota\u00e7\u00e3o da proposta. O objetivo do Projeto de Lei de Iniciativa Popular \u00e9 fazer com que essa medida se some a outras 11 leis revogadas por meio desse instrumento.<\/p>\n<p>A campanha pela anula\u00e7\u00e3o da Reforma Trabalhista foi aprovada pelas confedera\u00e7\u00f5es, federa\u00e7\u00f5es e sindicatos da CUT, durante o recente Congresso Extraordin\u00e1rio e prev\u00ea tamb\u00e9m a cria\u00e7\u00e3o de comit\u00eas por essas entidades, para coleta de assinatura.<\/p>\n<p>Os materiais de campanha est\u00e3o dispon\u00edveis no site da CUT e no site da campanha, onde tamb\u00e9m \u00e9 poss\u00edvel obter mais informa\u00e7\u00f5es:<\/p>\n<p>www.cut.org.br<\/p>\n<p>anulareforma.cut.org.br<\/p>\n","protected":false},"excerpt":{"rendered":"<p>As manifesta\u00e7\u00f5es do Grito dos Exclu\u00eddos, nesta quinta-feira (7) em todo o pa\u00eds, foram o espa\u00e7o de lan\u00e7amento nacional da Campanha Pela Anula\u00e7\u00e3o da Reforma Trabalhista, que vai coletar 1,3 milh\u00e3o de assinaturas para um Projeto de Lei de Iniciativa Popular que prop\u00f5e a revoga\u00e7\u00e3o da Reforma Trabalhista de Temer, prevista para entrar em vigor [&hellip;]<\/p>\n","protected":false},"author":2,"featured_media":2982,"comment_status":"","ping_status":"","sticky":false,"template":"","format":"standard","meta":{"footnotes":""},"categories":[3],"tags":[],"class_list":["post-2983","post","type-post","status-publish","format-standard","has-post-thumbnail","hentry","category-noticias"],"_links":{"self":[{"href":"https:\/\/hostnetart.com.br\/baixada\/wp-json\/wp\/v2\/posts\/2983","targetHints":{"allow":["GET"]}}],"collection":[{"href":"https:\/\/hostnetart.com.br\/baixada\/wp-json\/wp\/v2\/posts"}],"about":[{"href":"https:\/\/hostnetart.com.br\/baixada\/wp-json\/wp\/v2\/types\/post"}],"author":[{"embeddable":true,"href":"https:\/\/hostnetart.com.br\/baixada\/wp-json\/wp\/v2\/users\/2"}],"replies":[{"embeddable":true,"href":"https:\/\/hostnetart.com.br\/baixada\/wp-json\/wp\/v2\/comments?post=2983"}],"version-history":[{"count":0,"href":"https:\/\/hostnetart.com.br\/baixada\/wp-json\/wp\/v2\/posts\/2983\/revisions"}],"wp:featuredmedia":[{"embeddable":true,"href":"https:\/\/hostnetart.com.br\/baixada\/wp-json\/wp\/v2\/media\/2982"}],"wp:attachment":[{"href":"https:\/\/hostnetart.com.br\/baixada\/wp-json\/wp\/v2\/media?parent=2983"}],"wp:term":[{"taxonomy":"category","embeddable":true,"href":"https:\/\/hostnetart.com.br\/baixada\/wp-json\/wp\/v2\/categories?post=2983"},{"taxonomy":"post_tag","embeddable":true,"href":"https:\/\/hostnetart.com.br\/baixada\/wp-json\/wp\/v2\/tags?post=2983"}],"curies":[{"name":"wp","href":"https:\/\/api.w.org\/{rel}","templated":true}]}}