{"id":2977,"date":"2017-09-06T17:44:30","date_gmt":"2017-09-06T20:44:30","guid":{"rendered":"https:\/\/hostnetart.com.br\/baixada\/contraf-cut-negocia-ppr-e-pcr-com-banco-votorantim-e-a-bv-financeira\/"},"modified":"2017-09-06T17:44:30","modified_gmt":"2017-09-06T20:44:30","slug":"contraf-cut-negocia-ppr-e-pcr-com-banco-votorantim-e-a-bv-financeira","status":"publish","type":"post","link":"https:\/\/hostnetart.com.br\/baixada\/contraf-cut-negocia-ppr-e-pcr-com-banco-votorantim-e-a-bv-financeira\/","title":{"rendered":"Contraf-CUT negocia PPR e PCR com Banco Votorantim e a BV Financeira"},"content":{"rendered":"<p>A Confedera\u00e7\u00e3o Nacional dos Trabalhadores do Ramo Financeiro (Contraf-CUT) se reuniu, pela segunda vez, com o Banco Votorantim e a BV Financeira, nesta quarta-feira (6), para a discuss\u00e3o do Programa Pr\u00f3prio de Remunera\u00e7\u00e3o (PPR) e do Programa Complementar de Resultados (PCR) das empresas.<\/p>\n<p>Conforme solicitado pelos trabalhadores na \u00faltima reuni\u00e3o, realizada em 24 de agosto, o banco apresentou a nova proposta do PPR para 2017\/ 2018. \u201cA proposta tem diversas mudan\u00e7as em rela\u00e7\u00e3o aos anos anteriores, que s\u00e3o prejudiciais aos trabalhadores. N\u00e3o houve redu\u00e7\u00e3o do teto, aumentaram os pesos de desempenho e compet\u00eancia, al\u00e9m de exclu\u00edrem os pisos dos programas\u201d, avaliou Jair Alves, coordenador de negocia\u00e7\u00e3o das Financeiras da Contraf-CUT.<\/p>\n<p>Outros pontos negativos da proposta apresentada s\u00e3o a condi\u00e7\u00e3o m\u00ednima para os funcion\u00e1rios participarem do programa, que deve ser de no m\u00ednimo 90 dias trabalhados na empresa, e o diferimento de pagamento para quem for receber valores acima de R$ 200 mil, em at\u00e9 quatro parcelas anuais. \u201cAvisamos ainda na mesa que n\u00e3o aceitaremos essas propostas, inclu\u00edda para este ano\u201d, alertou Katlin Salles, diretora do Sindicato dos Banc\u00e1rios e Financi\u00e1rios de Curitiba.<\/p>\n<p>Quanto ao PCR, o banco apresentou uma proposta com base na rentabilidade das empresas. \u201cA comiss\u00e3o negociadora questiona o indicador de rentabilidade apresentado pois considera muito elevado ao que realmente acontece na Holding\u201d, explicou Jair Alves.<\/p>\n<p>Os representantes dos trabalhadores enviar\u00e3o uma contraproposta ao banco at\u00e9 a pr\u00f3xima ter\u00e7a-feira (12). Ap\u00f3s analis\u00e1-la, o banco retornar\u00e1 para marcar uma nova rodada de negocia\u00e7\u00e3o.<\/p>\n<p><strong>Fonte: Contraf-CUT<\/strong><\/p>\n","protected":false},"excerpt":{"rendered":"<p>A Confedera\u00e7\u00e3o Nacional dos Trabalhadores do Ramo Financeiro (Contraf-CUT) se reuniu, pela segunda vez, com o Banco Votorantim e a BV Financeira, nesta quarta-feira (6), para a discuss\u00e3o do Programa Pr\u00f3prio de Remunera\u00e7\u00e3o (PPR) e do Programa Complementar de Resultados (PCR) das empresas. Conforme solicitado pelos trabalhadores na \u00faltima reuni\u00e3o, realizada em 24 de agosto, [&hellip;]<\/p>\n","protected":false},"author":2,"featured_media":2976,"comment_status":"","ping_status":"","sticky":false,"template":"","format":"standard","meta":{"footnotes":""},"categories":[3],"tags":[],"class_list":["post-2977","post","type-post","status-publish","format-standard","has-post-thumbnail","hentry","category-noticias"],"_links":{"self":[{"href":"https:\/\/hostnetart.com.br\/baixada\/wp-json\/wp\/v2\/posts\/2977","targetHints":{"allow":["GET"]}}],"collection":[{"href":"https:\/\/hostnetart.com.br\/baixada\/wp-json\/wp\/v2\/posts"}],"about":[{"href":"https:\/\/hostnetart.com.br\/baixada\/wp-json\/wp\/v2\/types\/post"}],"author":[{"embeddable":true,"href":"https:\/\/hostnetart.com.br\/baixada\/wp-json\/wp\/v2\/users\/2"}],"replies":[{"embeddable":true,"href":"https:\/\/hostnetart.com.br\/baixada\/wp-json\/wp\/v2\/comments?post=2977"}],"version-history":[{"count":0,"href":"https:\/\/hostnetart.com.br\/baixada\/wp-json\/wp\/v2\/posts\/2977\/revisions"}],"wp:featuredmedia":[{"embeddable":true,"href":"https:\/\/hostnetart.com.br\/baixada\/wp-json\/wp\/v2\/media\/2976"}],"wp:attachment":[{"href":"https:\/\/hostnetart.com.br\/baixada\/wp-json\/wp\/v2\/media?parent=2977"}],"wp:term":[{"taxonomy":"category","embeddable":true,"href":"https:\/\/hostnetart.com.br\/baixada\/wp-json\/wp\/v2\/categories?post=2977"},{"taxonomy":"post_tag","embeddable":true,"href":"https:\/\/hostnetart.com.br\/baixada\/wp-json\/wp\/v2\/tags?post=2977"}],"curies":[{"name":"wp","href":"https:\/\/api.w.org\/{rel}","templated":true}]}}