{"id":2975,"date":"2017-09-06T17:42:59","date_gmt":"2017-09-06T20:42:59","guid":{"rendered":"https:\/\/hostnetart.com.br\/baixada\/grito-dos-excluidos-2017-acontece-nesta-quinta-feira-7\/"},"modified":"2017-09-06T17:42:59","modified_gmt":"2017-09-06T20:42:59","slug":"grito-dos-excluidos-2017-acontece-nesta-quinta-feira-7","status":"publish","type":"post","link":"https:\/\/hostnetart.com.br\/baixada\/grito-dos-excluidos-2017-acontece-nesta-quinta-feira-7\/","title":{"rendered":"Grito dos exclu\u00eddos 2017 acontece nesta quinta-feira (7)"},"content":{"rendered":"<p><em><span style=\"text-decoration: underline;\">Ato \u00e9 realizado em todo o Brasil em defesa da democracia e dos direitos trabalhistas<\/span><\/em><\/p>\n<p>A 23\u00aa edi\u00e7\u00e3o do Grito dos Exclu\u00eddos ser\u00e1 realizada nesta quinta-feira (7) em todo o pa\u00eds. Com o lema \u201cPor direitos e democracia\u201d a atividade abordar\u00e1 a realidade de um Brasil em crise, com desemprego, retirada de direitos trabalhistas e que em breve enfrentar\u00e1 a vota\u00e7\u00e3o da reforma da Previd\u00eancia, proposta que amea\u00e7a a aposentadoria de milh\u00f5es de brasileiros.<\/p>\n<p>Em S\u00e3o Paulo, haver\u00e1 o tradicional ato organizado pela Central de Movimentos Populares (CMP) com apoio de entidades como a CUT S\u00e3o Paulo. A concentra\u00e7\u00e3o ter\u00e1 in\u00edcio \u00e0s 9h, na Pra\u00e7a Oswaldo Cruz, ponto inicial da Avenida Paulista. A manifesta\u00e7\u00e3o seguir\u00e1 pela Avenida Brigadeiro Luiz Ant\u00f4nio em dire\u00e7\u00e3o ao Monumento \u00e0s Bandeiras, ao lado do Parque do Ibirapuera.<\/p>\n<p>O coordenador da CMP em S\u00e3o Paulo, Raimundo Bonfim explicou que neste ano a atividade evidenciar\u00e1 o desmonte dos direitos, bem como alertar\u00e1 a popula\u00e7\u00e3o sobre os parlamentares que tra\u00edram o povo brasileiro, ao apoiarem a reforma trabalhista e o arquivamento das den\u00fancias contra Michel Temer (PMDB). \u201cNos \u00faltimos anos dos governos de Lula e de Dilma, superamos o desemprego, a exclus\u00e3o social e a mis\u00e9ria. Mas, o Brasil de hoje n\u00e3o \u00e9 mais o mesmo. T\u00ednhamos sa\u00eddo do Mapa da Fome da ONU e voltamos neste triste cen\u00e1rio, num pa\u00eds de desemprego onde se agravam as desigualdades sociais\u201d, afirmou.<\/p>\n<p>O secret\u00e1rio de Mobiliza\u00e7\u00e3o da CUT S\u00e3o Paulo, Jo\u00e3o Batista Gomes, refor\u00e7ou que, com a perman\u00eancia de Michel Temer no poder e diante do an\u00fancio da privatiza\u00e7\u00e3o de v\u00e1rias estatais, \u00e9 preciso intensificar as manifesta\u00e7\u00f5es de rua em defesa das empresas p\u00fabicas. \u201cNossas riquezas est\u00e3o em jogo no Brasil e para completar esse desastre, Alckmin e Doria, ambos do PSBD, aplicam a mesma pol\u00edtica no estado e na cidade de S\u00e3o Paulo, anunciando as privatiza\u00e7\u00f5es dos espa\u00e7os p\u00fablicos. Estamos nas ruas para dizer que exigimos o respeito \u00e0 nossa soberania\u201d, afirmou o dirigente.<\/p>\n<p><strong>Fonte: Contraf-CUT<\/strong><\/p>\n","protected":false},"excerpt":{"rendered":"<p>Ato \u00e9 realizado em todo o Brasil em defesa da democracia e dos direitos trabalhistas A 23\u00aa edi\u00e7\u00e3o do Grito dos Exclu\u00eddos ser\u00e1 realizada nesta quinta-feira (7) em todo o pa\u00eds. Com o lema \u201cPor direitos e democracia\u201d a atividade abordar\u00e1 a realidade de um Brasil em crise, com desemprego, retirada de direitos trabalhistas e [&hellip;]<\/p>\n","protected":false},"author":2,"featured_media":2974,"comment_status":"","ping_status":"","sticky":false,"template":"","format":"standard","meta":{"footnotes":""},"categories":[3],"tags":[],"class_list":["post-2975","post","type-post","status-publish","format-standard","has-post-thumbnail","hentry","category-noticias"],"_links":{"self":[{"href":"https:\/\/hostnetart.com.br\/baixada\/wp-json\/wp\/v2\/posts\/2975","targetHints":{"allow":["GET"]}}],"collection":[{"href":"https:\/\/hostnetart.com.br\/baixada\/wp-json\/wp\/v2\/posts"}],"about":[{"href":"https:\/\/hostnetart.com.br\/baixada\/wp-json\/wp\/v2\/types\/post"}],"author":[{"embeddable":true,"href":"https:\/\/hostnetart.com.br\/baixada\/wp-json\/wp\/v2\/users\/2"}],"replies":[{"embeddable":true,"href":"https:\/\/hostnetart.com.br\/baixada\/wp-json\/wp\/v2\/comments?post=2975"}],"version-history":[{"count":0,"href":"https:\/\/hostnetart.com.br\/baixada\/wp-json\/wp\/v2\/posts\/2975\/revisions"}],"wp:featuredmedia":[{"embeddable":true,"href":"https:\/\/hostnetart.com.br\/baixada\/wp-json\/wp\/v2\/media\/2974"}],"wp:attachment":[{"href":"https:\/\/hostnetart.com.br\/baixada\/wp-json\/wp\/v2\/media?parent=2975"}],"wp:term":[{"taxonomy":"category","embeddable":true,"href":"https:\/\/hostnetart.com.br\/baixada\/wp-json\/wp\/v2\/categories?post=2975"},{"taxonomy":"post_tag","embeddable":true,"href":"https:\/\/hostnetart.com.br\/baixada\/wp-json\/wp\/v2\/tags?post=2975"}],"curies":[{"name":"wp","href":"https:\/\/api.w.org\/{rel}","templated":true}]}}