{"id":2973,"date":"2017-09-06T17:41:32","date_gmt":"2017-09-06T20:41:32","guid":{"rendered":"https:\/\/hostnetart.com.br\/baixada\/contraf-cut-participa-de-lancamento-da-frente-parlamentar-em-defesa-dos-bancos-publicos-em-joao-pessoa\/"},"modified":"2017-09-06T17:41:32","modified_gmt":"2017-09-06T20:41:32","slug":"contraf-cut-participa-de-lancamento-da-frente-parlamentar-em-defesa-dos-bancos-publicos-em-joao-pessoa","status":"publish","type":"post","link":"https:\/\/hostnetart.com.br\/baixada\/contraf-cut-participa-de-lancamento-da-frente-parlamentar-em-defesa-dos-bancos-publicos-em-joao-pessoa\/","title":{"rendered":"Contraf-CUT participa de lan\u00e7amento da Frente Parlamentar em Defesa dos Bancos P\u00fablicos em Jo\u00e3o Pessoa"},"content":{"rendered":"<p><em><span style=\"text-decoration: underline;\">A sess\u00e3o foi marcada pelo vereador Marcos Henriques, ex-presidente do Sindicato dos Banc\u00e1rios da Para\u00edba<\/span><\/em><\/p>\n<p>A Contraf-CUT participou, nesta ter\u00e7a-feira (6), do lan\u00e7amento da Frente Parlamentar em Defesa dos Bancos P\u00fablicos, na C\u00e2mara Municipal de Jo\u00e3o Pessoa. A sess\u00e3o foi marcada pelo vereador Marcos Henriques, ex-presidente do Sindicato dos Banc\u00e1rios da Para\u00edba, motivado pelo sucateamento que o Governo Federal promove aos bancos p\u00fablicos, fechando ag\u00eancias e criando programas de demiss\u00f5es.<\/p>\n<p>Marcos Henriques afirmou que a atua\u00e7\u00e3o de institui\u00e7\u00f5es banc\u00e1rias, a exemplo do Banco do Brasil, da Caixa Econ\u00f4mica Federal e do Banco do Nordeste, foi capaz de contribuir para a redu\u00e7\u00e3o dos desequil\u00edbrios regionais que gerenciam importantes programas sociais para popula\u00e7\u00e3o e assim como v\u00eam atuando tamb\u00e9m com o prop\u00f3sito de reduzir as desigualdades sociais.<\/p>\n<p>O objetivo da Frente Parlamentar em Defesa dos Bancos P\u00fablicos \u00e9 ampliar os debates e articula\u00e7\u00f5es para barrar projetos de reestrutura\u00e7\u00e3o que miram o sucateamento e privatiza\u00e7\u00e3o das institui\u00e7\u00f5es financeiras p\u00fablicas, como Caixa Econ\u00f4mica Federal, Banco do Brasil, Banco do Nordeste e BNDES. Outro prop\u00f3sito \u00e9 fomentar a\u00e7\u00f5es para informar e sensibilizar os parlamentares a respeito da import\u00e2ncia dos bancos p\u00fablicos para o desenvolvimento econ\u00f4mico e social do pa\u00eds.<\/p>\n<p>\u201cNa elei\u00e7\u00e3o de 2014, antecipamos em dois jornais, que entregamos aos banc\u00e1rios, que havia dois projetos em disputa. Um claramente neoliberal, excludente, concentrador, privatizatizante e outro que era diferente, que j\u00e1 tinha mostrado caracter\u00edsticas de inclus\u00e3o, democr\u00e1tico popular e, principalmente, distributivista. Vivemos a elei\u00e7\u00e3o, um projeto ganhou e, em seguida, ele foi golpeado. Porque o outro projeto jamais ganharia uma elei\u00e7\u00e3o democr\u00e1tica. E \u00e9 esse projeto que estamos vivendo neste momento\u201d, lembrou Roberto von der Osten, presidente da Contraf-CUT. \u201cOs bancos p\u00fablicos s\u00e3o fundamentais para um pa\u00eds. Dificilmente um Estado consegue resolver as suas assimetrias, se ele n\u00e3o tiver uma ferramenta p\u00fablica para alocar recursos e arrumar desiquil\u00edbrios. Os bancos p\u00fablicos s\u00e3o a ferramenta que o Estado tem para reduzir desigualdades\u201d, completou o presidente da Contraf-CUT.<\/p>\n<p>O presidente do Sindicato dos Banc\u00e1rios da Para\u00edba, Marcelo Alves, disse que com as demiss\u00f5es e a redu\u00e7\u00e3o do quadro de pessoal, por meio do incentivo \u00e0s demiss\u00f5es e aposentadorias volunt\u00e1rias, o que temos visto s\u00e3o banc\u00e1rios sobrecarregados e sem condu\u00e7\u00f5es de atender a todos os clientes. \u201cIsso gera ainda mais problemas, pois leva os trabalhadores ao adoecimento e afastamento por quest\u00f5es de sa\u00fade, reduzindo ainda mais o n\u00famero de pessoas para atender a popula\u00e7\u00e3o. Este governo est\u00e1 acabando com o car\u00e1ter p\u00fablico da Caixa, Banco do Brasil e demais bancos estatais, que est\u00e3o perdendo a capacidade de realiza\u00e7\u00e3o de pol\u00edticas que beneficiam a sociedade, como o programa Minha Casa Minha Vida, Bolsa Fam\u00edlia, Fies e outros. \u00c9 de fundamental import\u00e2ncia que os bancos p\u00fablicos se mantenham forte para investir em programas sociais e n\u00e3o tenham atua\u00e7\u00e3o semelhante aos bancos privados. N\u00e3o \u00e9 poss\u00edvel que os bancos p\u00fablicos tenham uma atua\u00e7\u00e3o que apenas busque o lucro pelo lucro.\u201d<\/p>\n<p>Para Dion\u00edsio Reis, coordenador da Comiss\u00e3o de Empresa dos Empregados da Caixa (CEE\/Caixa), a causa n\u00e3o era apenas uma quest\u00e3o corporativa, mas a luta em defesa do patrim\u00f4nio p\u00fablico.<\/p>\n<p>Wagner Nascimento, coordenador da Comiss\u00e3o de Empresa dos Funcion\u00e1rios do BB (CEE\/BB), acrescentou que outra bandeira de luta \u00e9 mostrar a sociedade a diferen\u00e7a entre a gest\u00e3o p\u00fablica e a privada e as consequ\u00eancias da privatiza\u00e7\u00e3o para sociedade.<\/p>\n<p>J\u00e1 Tomaz de Aquino, coordenador da Comiss\u00e3o Executiva dos Funcion\u00e1rios do BNB (CEF\/BNB), disse que a popula\u00e7\u00e3o tem que ser forte para resistir em defesa das empresas p\u00fablicas.<\/p>\n<p><strong>Fonte: Contraf-CUT<\/strong><\/p>\n","protected":false},"excerpt":{"rendered":"<p>A sess\u00e3o foi marcada pelo vereador Marcos Henriques, ex-presidente do Sindicato dos Banc\u00e1rios da Para\u00edba A Contraf-CUT participou, nesta ter\u00e7a-feira (6), do lan\u00e7amento da Frente Parlamentar em Defesa dos Bancos P\u00fablicos, na C\u00e2mara Municipal de Jo\u00e3o Pessoa. A sess\u00e3o foi marcada pelo vereador Marcos Henriques, ex-presidente do Sindicato dos Banc\u00e1rios da Para\u00edba, motivado pelo sucateamento [&hellip;]<\/p>\n","protected":false},"author":2,"featured_media":2972,"comment_status":"","ping_status":"","sticky":false,"template":"","format":"standard","meta":{"footnotes":""},"categories":[3],"tags":[],"class_list":["post-2973","post","type-post","status-publish","format-standard","has-post-thumbnail","hentry","category-noticias"],"_links":{"self":[{"href":"https:\/\/hostnetart.com.br\/baixada\/wp-json\/wp\/v2\/posts\/2973","targetHints":{"allow":["GET"]}}],"collection":[{"href":"https:\/\/hostnetart.com.br\/baixada\/wp-json\/wp\/v2\/posts"}],"about":[{"href":"https:\/\/hostnetart.com.br\/baixada\/wp-json\/wp\/v2\/types\/post"}],"author":[{"embeddable":true,"href":"https:\/\/hostnetart.com.br\/baixada\/wp-json\/wp\/v2\/users\/2"}],"replies":[{"embeddable":true,"href":"https:\/\/hostnetart.com.br\/baixada\/wp-json\/wp\/v2\/comments?post=2973"}],"version-history":[{"count":0,"href":"https:\/\/hostnetart.com.br\/baixada\/wp-json\/wp\/v2\/posts\/2973\/revisions"}],"wp:featuredmedia":[{"embeddable":true,"href":"https:\/\/hostnetart.com.br\/baixada\/wp-json\/wp\/v2\/media\/2972"}],"wp:attachment":[{"href":"https:\/\/hostnetart.com.br\/baixada\/wp-json\/wp\/v2\/media?parent=2973"}],"wp:term":[{"taxonomy":"category","embeddable":true,"href":"https:\/\/hostnetart.com.br\/baixada\/wp-json\/wp\/v2\/categories?post=2973"},{"taxonomy":"post_tag","embeddable":true,"href":"https:\/\/hostnetart.com.br\/baixada\/wp-json\/wp\/v2\/tags?post=2973"}],"curies":[{"name":"wp","href":"https:\/\/api.w.org\/{rel}","templated":true}]}}