{"id":2971,"date":"2017-09-06T17:37:27","date_gmt":"2017-09-06T20:37:27","guid":{"rendered":"https:\/\/hostnetart.com.br\/baixada\/contraf-cut-discute-renovacao-de-ppr-do-banco-pan\/"},"modified":"2017-09-06T17:37:27","modified_gmt":"2017-09-06T20:37:27","slug":"contraf-cut-discute-renovacao-de-ppr-do-banco-pan","status":"publish","type":"post","link":"https:\/\/hostnetart.com.br\/baixada\/contraf-cut-discute-renovacao-de-ppr-do-banco-pan\/","title":{"rendered":"Contraf-CUT discute renova\u00e7\u00e3o de PPR do Banco Pan"},"content":{"rendered":"<p><em><span style=\"text-decoration: underline;\">Proposta apresentada pelos trabalhadores \u00e9 de abrang\u00eancia nacional para o per\u00edodo de 2017\/2018<\/span><\/em><\/p>\n<p>A Confedera\u00e7\u00e3o Nacional dos Trabalhadores do Ramo Financeiro (Contraf-CUT), federa\u00e7\u00f5es e sindicatos se reuniram, nesta ter\u00e7a-feira (5), com os representantes do Banco Pan para dar continuidade \u00e0 negocia\u00e7\u00e3o sobre a renova\u00e7\u00e3o do Programa de Participa\u00e7\u00e3o nos Resultados (PPR).<\/p>\n<p>A proposta que o banco apresentou era manter o mesmo modelo do ano passado, com o mesmo teto salarial, as metas e compet\u00eancias. A \u00fanica diferen\u00e7a, em atendimento \u00e0 solicita\u00e7\u00e3o da Contraf-CUT era agregar os funcion\u00e1rios da antiga Panserv, que foram bancarizados no final do ano passado.<\/p>\n<p>A contraproposta apresentada pela Contraf-CUT foi a de que o acordo tivesse abrang\u00eancia nacional para os trabalhadores da empresa no per\u00edodo de 2017\/2018, com a redu\u00e7\u00e3o do teto do programa pr\u00f3prio, das metas e das compet\u00eancias. &#8220;O Banco apresentou uma proposta de acordo para dois anos. Vamos avali\u00e1-la para ver se ela traz benef\u00edcios para o trabalhador&#8221;, afirma Jair Alves, coordenador das Financeiras da Contraf-CUT.<\/p>\n<p>O dirigente disse ainda que ao discutir um programa pr\u00f3prio, os representantes dos empregados procuram promover uma melhor distribui\u00e7\u00e3o entre todos os funcion\u00e1rios.<\/p>\n<p>O banco se comprometeu a avaliar as reivindica\u00e7\u00f5es dos trabalhadores e apresentar uma resposta at\u00e9 o dia 11 de setembro.<\/p>\n<p><strong>Fonte: Contraf-CUT<\/strong><\/p>\n","protected":false},"excerpt":{"rendered":"<p>Proposta apresentada pelos trabalhadores \u00e9 de abrang\u00eancia nacional para o per\u00edodo de 2017\/2018 A Confedera\u00e7\u00e3o Nacional dos Trabalhadores do Ramo Financeiro (Contraf-CUT), federa\u00e7\u00f5es e sindicatos se reuniram, nesta ter\u00e7a-feira (5), com os representantes do Banco Pan para dar continuidade \u00e0 negocia\u00e7\u00e3o sobre a renova\u00e7\u00e3o do Programa de Participa\u00e7\u00e3o nos Resultados (PPR). A proposta que o [&hellip;]<\/p>\n","protected":false},"author":2,"featured_media":2970,"comment_status":"","ping_status":"","sticky":false,"template":"","format":"standard","meta":{"footnotes":""},"categories":[3],"tags":[],"class_list":["post-2971","post","type-post","status-publish","format-standard","has-post-thumbnail","hentry","category-noticias"],"_links":{"self":[{"href":"https:\/\/hostnetart.com.br\/baixada\/wp-json\/wp\/v2\/posts\/2971","targetHints":{"allow":["GET"]}}],"collection":[{"href":"https:\/\/hostnetart.com.br\/baixada\/wp-json\/wp\/v2\/posts"}],"about":[{"href":"https:\/\/hostnetart.com.br\/baixada\/wp-json\/wp\/v2\/types\/post"}],"author":[{"embeddable":true,"href":"https:\/\/hostnetart.com.br\/baixada\/wp-json\/wp\/v2\/users\/2"}],"replies":[{"embeddable":true,"href":"https:\/\/hostnetart.com.br\/baixada\/wp-json\/wp\/v2\/comments?post=2971"}],"version-history":[{"count":0,"href":"https:\/\/hostnetart.com.br\/baixada\/wp-json\/wp\/v2\/posts\/2971\/revisions"}],"wp:featuredmedia":[{"embeddable":true,"href":"https:\/\/hostnetart.com.br\/baixada\/wp-json\/wp\/v2\/media\/2970"}],"wp:attachment":[{"href":"https:\/\/hostnetart.com.br\/baixada\/wp-json\/wp\/v2\/media?parent=2971"}],"wp:term":[{"taxonomy":"category","embeddable":true,"href":"https:\/\/hostnetart.com.br\/baixada\/wp-json\/wp\/v2\/categories?post=2971"},{"taxonomy":"post_tag","embeddable":true,"href":"https:\/\/hostnetart.com.br\/baixada\/wp-json\/wp\/v2\/tags?post=2971"}],"curies":[{"name":"wp","href":"https:\/\/api.w.org\/{rel}","templated":true}]}}