{"id":2969,"date":"2017-09-05T18:06:30","date_gmt":"2017-09-05T21:06:30","guid":{"rendered":"https:\/\/hostnetart.com.br\/baixada\/cresce-pelo-brasil-a-mobilizacao-contra-ataques-ao-patrimonio-publico\/"},"modified":"2017-09-05T18:06:30","modified_gmt":"2017-09-05T21:06:30","slug":"cresce-pelo-brasil-a-mobilizacao-contra-ataques-ao-patrimonio-publico","status":"publish","type":"post","link":"https:\/\/hostnetart.com.br\/baixada\/cresce-pelo-brasil-a-mobilizacao-contra-ataques-ao-patrimonio-publico\/","title":{"rendered":"Cresce pelo Brasil a mobiliza\u00e7\u00e3o contra ataques ao patrim\u00f4nio p\u00fablico"},"content":{"rendered":"<p><span style=\"text-decoration: underline;\"><em>\u200bDebates, audi\u00eancias e protestos somam for\u00e7as para que em 3 de outubro seja realizado um grande ato contra as privatiza\u00e7\u00f5es no Rio de Janeiro<\/em><\/span><\/p>\n<p>As a\u00e7\u00f5es em defesa do patrim\u00f4nio p\u00fablico se espalham pelo Pa\u00eds, em debates e iniciativas para promover a divulga\u00e7\u00e3o da import\u00e2ncia de empresas, bens e servi\u00e7os p\u00fablicos para a sociedade brasileira. No Nordeste, dois estados iniciam a semana com atividades criativas que envolvem eventos pol\u00edticos e publicit\u00e1rios.<\/p>\n<p>Em Pernambuco, a campanha j\u00e1 chegou aos \u00f4nibus que circulam pela cidade do Recife, lembrando que sem bancos p\u00fablicos como a Caixa, por exemplo, o sonho da casa pr\u00f3pria vira pesadelo. Tamb\u00e9m na capital pernambucana centenas de cruzes foram espalhadas no Parque Dona Lindu, no bairro de Boa Viagem, no domingo (3) para simbolizar a situa\u00e7\u00e3o de pesar que os empregados dos bancos p\u00fablicos vivenciam hoje com os desmontes e amea\u00e7as de privatiza\u00e7\u00e3o do governo ileg\u00edtimo de Michel Temer.<\/p>\n<p>J\u00e1 em Jo\u00e3o Pessoa, na Para\u00edba, ser\u00e1 lan\u00e7ada na tarde desta ter\u00e7a-feira (5), a Frente Parlamentar em Defesa dos Bancos P\u00fablicos, na C\u00e2mara Municipal. O objetivo \u00e9 ampliar os debates e articula\u00e7\u00f5es para barrar projetos de reestrutura\u00e7\u00e3o que miram o sucateamento e privatiza\u00e7\u00e3o das institui\u00e7\u00f5es financeiras p\u00fablicas, como Caixa Econ\u00f4mica Federal, Banco do Brasil, Banco do Nordeste e BNDES.<\/p>\n<p>Outro prop\u00f3sito \u00e9 fomentar a\u00e7\u00f5es para informar e sensibilizar os parlamentares sobre a import\u00e2ncia dos bancos p\u00fablicos para o desenvolvimento econ\u00f4mico e social do Pa\u00eds. Nas duas capitais as iniciativas s\u00e3o de sindicatos de banc\u00e1rios e ramo financeiro locais e ampliam a mobiliza\u00e7\u00e3o para um grande ato em defesa do patrim\u00f4nio p\u00fablico que acontece em 3 de outubro na cidade do Rio de Janeiro, cuja divulga\u00e7\u00e3o j\u00e1 est\u00e1 sendo feita pelo Comit\u00ea Nacional em Defesa das Empresas P\u00fablicas.<\/p>\n<p>\u201cEstamos em ritmo crescente de mobiliza\u00e7\u00e3o. Nossa campanha \u00b4Se \u00e9 p\u00fablico, \u00e9 para todos\u00b4, lan\u00e7ada no ano passado, j\u00e1 se espalhou pelo Brasil e agora ganha ainda mais for\u00e7a com a realiza\u00e7\u00e3o de atividades, debates, audi\u00eancias, representando um grande esfor\u00e7o conjunto para que possamos fazer uma imensa manifesta\u00e7\u00e3o no Rio de Janeiro em 3 de outubro\u201d, destaca a coordenadora do comit\u00ea, Rita Serrano.<\/p>\n<p>TVT<br \/>Na quinta-feira (7), a TV dos Trabalhadores (TVT) apresentar\u00e1 um debate que aborda o sistema financeiro nacional, tendo entre seus convidados o presidente da Fenae, Jair Ferreira. O programa, Melhor e Mais Justo, \u00e9 transmitido \u00e0s 22h e tamb\u00e9m pelas redes sociais no mesmo dia, a partir das 15h30. A TVT vai ao ar pelo canal 12 da Net, Canal 44.1 (HD, na regi\u00e3o metropolitana de S\u00e3o Paulo) e tamb\u00e9m pode ser assistida ao vivo pelo site (tvt.org.br) ou facebook (\/redetvt).<\/p>\n<p><strong>Fonte: Comit\u00ea Nacional em Defesa das Empresas P\u00fablicas<\/strong><\/p>\n","protected":false},"excerpt":{"rendered":"<p>\u200bDebates, audi\u00eancias e protestos somam for\u00e7as para que em 3 de outubro seja realizado um grande ato contra as privatiza\u00e7\u00f5es no Rio de Janeiro As a\u00e7\u00f5es em defesa do patrim\u00f4nio p\u00fablico se espalham pelo Pa\u00eds, em debates e iniciativas para promover a divulga\u00e7\u00e3o da import\u00e2ncia de empresas, bens e servi\u00e7os p\u00fablicos para a sociedade brasileira. [&hellip;]<\/p>\n","protected":false},"author":2,"featured_media":2968,"comment_status":"","ping_status":"","sticky":false,"template":"","format":"standard","meta":{"footnotes":""},"categories":[3],"tags":[],"class_list":["post-2969","post","type-post","status-publish","format-standard","has-post-thumbnail","hentry","category-noticias"],"_links":{"self":[{"href":"https:\/\/hostnetart.com.br\/baixada\/wp-json\/wp\/v2\/posts\/2969","targetHints":{"allow":["GET"]}}],"collection":[{"href":"https:\/\/hostnetart.com.br\/baixada\/wp-json\/wp\/v2\/posts"}],"about":[{"href":"https:\/\/hostnetart.com.br\/baixada\/wp-json\/wp\/v2\/types\/post"}],"author":[{"embeddable":true,"href":"https:\/\/hostnetart.com.br\/baixada\/wp-json\/wp\/v2\/users\/2"}],"replies":[{"embeddable":true,"href":"https:\/\/hostnetart.com.br\/baixada\/wp-json\/wp\/v2\/comments?post=2969"}],"version-history":[{"count":0,"href":"https:\/\/hostnetart.com.br\/baixada\/wp-json\/wp\/v2\/posts\/2969\/revisions"}],"wp:featuredmedia":[{"embeddable":true,"href":"https:\/\/hostnetart.com.br\/baixada\/wp-json\/wp\/v2\/media\/2968"}],"wp:attachment":[{"href":"https:\/\/hostnetart.com.br\/baixada\/wp-json\/wp\/v2\/media?parent=2969"}],"wp:term":[{"taxonomy":"category","embeddable":true,"href":"https:\/\/hostnetart.com.br\/baixada\/wp-json\/wp\/v2\/categories?post=2969"},{"taxonomy":"post_tag","embeddable":true,"href":"https:\/\/hostnetart.com.br\/baixada\/wp-json\/wp\/v2\/tags?post=2969"}],"curies":[{"name":"wp","href":"https:\/\/api.w.org\/{rel}","templated":true}]}}