{"id":2961,"date":"2017-09-04T23:59:47","date_gmt":"2017-09-05T02:59:47","guid":{"rendered":"https:\/\/hostnetart.com.br\/baixada\/defesa-do-patrimonio-publico-ganha-adesoes-e-deve-resultar-num-grande-protesto-no-rio-em-outubro\/"},"modified":"2017-09-04T23:59:47","modified_gmt":"2017-09-05T02:59:47","slug":"defesa-do-patrimonio-publico-ganha-adesoes-e-deve-resultar-num-grande-protesto-no-rio-em-outubro","status":"publish","type":"post","link":"https:\/\/hostnetart.com.br\/baixada\/defesa-do-patrimonio-publico-ganha-adesoes-e-deve-resultar-num-grande-protesto-no-rio-em-outubro\/","title":{"rendered":"Defesa do patrim\u00f4nio p\u00fablico ganha ades\u00f5es e deve resultar num grande protesto no Rio em outubro"},"content":{"rendered":"<p>Uma manifesta\u00e7\u00e3o para defender o patrim\u00f4nio p\u00fablico \u2013 servi\u00e7os e empresas e, consequentemente, a soberania nacional \u2013 ser\u00e1 realizada no pr\u00f3ximo dia 3 de outubro no Rio de Janeiro, e dezenas de entidades e inst\u00e2ncias j\u00e1 confirmaram suas participa\u00e7\u00f5es ao Comit\u00ea Nacional em Defesa das Empresas P\u00fablicas. A ideia \u00e9 denunciar e reagir \u00e0s ofensivas do governo com seu pacote de privatiza\u00e7\u00f5es, que deve atingir mais de 50 empresas e projetos.<\/p>\n<p>Entre as entidades que j\u00e1 confirmaram participa\u00e7\u00e3o est\u00e3o a frentes Brasil Popular e Povo sem Medo, a Central \u00danica dos Trabalhadores (CUT), o Comando Nacional dos Banc\u00e1rios, o Sindicato Nacional dos Moedeiros, a Federa\u00e7\u00e3o \u00danica dos Petroleiros (FUP) e o Movimento dos Atingidos por Barragens (MAB, as duas \u00faltimas idealizadoras do protesto.<\/p>\n<p>Na \u00faltima quarta, 30 de agosto, foi realizada reuni\u00e3o na CUT-RJ para definir detalhes do ato e a prepara\u00e7\u00e3o da atividade. O Sindicato dos Banc\u00e1rios-RJ dever\u00e1 produzir adesivos com conte\u00fado voltado \u00e0 defesa dos bancos p\u00fablicos, e a orienta\u00e7\u00e3o do Comit\u00ea \u00e9 de que as demais entidades tamb\u00e9m participem intensamente do processo de divulga\u00e7\u00e3o, promovendo atos e debates com as categorias que representam e a sociedade em geral. Todas as artes da campanha \u201cSe \u00e9 p\u00fablico, \u00e9 para todos\u201d, lan\u00e7ada em junho de 2016, e outras que ser\u00e3o criadas para o ato no Rio estar\u00e3o dispon\u00edveis para reprodu\u00e7\u00e3o.<\/p>\n<p>Novas ades\u00f5es tamb\u00e9m dever\u00e3o ser comunicadas ao Comit\u00ea, para melhor organiza\u00e7\u00e3o da manifesta\u00e7\u00e3o. \u201cPe\u00e7o que, conforme as entidades e movimentos forem aprovando a participa\u00e7\u00e3o, o comit\u00ea seja informado. Vamos juntos fazer um grande ato em defesa do Brasil, contra a privatiza\u00e7\u00e3o de empresas e de servi\u00e7os que s\u00e3o p\u00fablicos e est\u00e3o passando \u00e0s m\u00e3os do capital privado. Vamos defender o patrim\u00f4nio nacional, a soberania do povo brasileiro\u201d, destaca a coordenadora do Comit\u00ea, Rita Serrano.<\/p>\n","protected":false},"excerpt":{"rendered":"<p>Uma manifesta\u00e7\u00e3o para defender o patrim\u00f4nio p\u00fablico \u2013 servi\u00e7os e empresas e, consequentemente, a soberania nacional \u2013 ser\u00e1 realizada no pr\u00f3ximo dia 3 de outubro no Rio de Janeiro, e dezenas de entidades e inst\u00e2ncias j\u00e1 confirmaram suas participa\u00e7\u00f5es ao Comit\u00ea Nacional em Defesa das Empresas P\u00fablicas. A ideia \u00e9 denunciar e reagir \u00e0s ofensivas [&hellip;]<\/p>\n","protected":false},"author":2,"featured_media":2960,"comment_status":"","ping_status":"","sticky":false,"template":"","format":"standard","meta":{"footnotes":""},"categories":[3],"tags":[],"class_list":["post-2961","post","type-post","status-publish","format-standard","has-post-thumbnail","hentry","category-noticias"],"_links":{"self":[{"href":"https:\/\/hostnetart.com.br\/baixada\/wp-json\/wp\/v2\/posts\/2961","targetHints":{"allow":["GET"]}}],"collection":[{"href":"https:\/\/hostnetart.com.br\/baixada\/wp-json\/wp\/v2\/posts"}],"about":[{"href":"https:\/\/hostnetart.com.br\/baixada\/wp-json\/wp\/v2\/types\/post"}],"author":[{"embeddable":true,"href":"https:\/\/hostnetart.com.br\/baixada\/wp-json\/wp\/v2\/users\/2"}],"replies":[{"embeddable":true,"href":"https:\/\/hostnetart.com.br\/baixada\/wp-json\/wp\/v2\/comments?post=2961"}],"version-history":[{"count":0,"href":"https:\/\/hostnetart.com.br\/baixada\/wp-json\/wp\/v2\/posts\/2961\/revisions"}],"wp:featuredmedia":[{"embeddable":true,"href":"https:\/\/hostnetart.com.br\/baixada\/wp-json\/wp\/v2\/media\/2960"}],"wp:attachment":[{"href":"https:\/\/hostnetart.com.br\/baixada\/wp-json\/wp\/v2\/media?parent=2961"}],"wp:term":[{"taxonomy":"category","embeddable":true,"href":"https:\/\/hostnetart.com.br\/baixada\/wp-json\/wp\/v2\/categories?post=2961"},{"taxonomy":"post_tag","embeddable":true,"href":"https:\/\/hostnetart.com.br\/baixada\/wp-json\/wp\/v2\/tags?post=2961"}],"curies":[{"name":"wp","href":"https:\/\/api.w.org\/{rel}","templated":true}]}}