{"id":2955,"date":"2017-09-01T14:09:03","date_gmt":"2017-09-01T17:09:03","guid":{"rendered":"https:\/\/hostnetart.com.br\/baixada\/bancarios-participam-do-15-plenaria-congresso-extraordinario-e-exclusivo-da-cut\/"},"modified":"2017-09-01T14:09:03","modified_gmt":"2017-09-01T17:09:03","slug":"bancarios-participam-do-15-plenaria-congresso-extraordinario-e-exclusivo-da-cut","status":"publish","type":"post","link":"https:\/\/hostnetart.com.br\/baixada\/bancarios-participam-do-15-plenaria-congresso-extraordinario-e-exclusivo-da-cut\/","title":{"rendered":"Banc\u00e1rios participam do 15\u00aa Plen\u00e1ria &#8211; Congresso Extraordin\u00e1rio e Exclusivo da CUT"},"content":{"rendered":"<p>Terminou nesta quinta-feira (31), a 15\u00aa Plen\u00e1ria &#8211; Congresso Extraordin\u00e1rio e Exclusivo da Central \u00danica dos Trabalhadores (CUT). O evento aconteceu nos dias 28, 29, 30 e 31 de agosto, no Espa\u00e7o Immensit\u00e0, em S\u00e3o Paulo, e reuniu representantes de diversas categorias de todo o pa\u00eds para debater temas sobre a conjuntura socioecon\u00f4mica e pol\u00edtica do Brasil e definir um calend\u00e1rio de lutas contra as reformas Trabalhista e Previdenci\u00e1ria e em defesa das empresas p\u00fablicas.<\/p>\n<p>Com a chamada: \u201c100 anos depois&#8230;A luta continua! Nenhum direito a menos\u201d, o encontro relembrou o centen\u00e1rio da primeira greve geral no Brasil e da Revolu\u00e7\u00e3o Russa.\u00a0 Para o presidente da Contraf-CUT, Roberto von der Osten,\u00a0 \u00e9 muito importante a participa\u00e7\u00e3o dos banc\u00e1rios neste congresso. \u201c\u00c9 muito importante relembrar os momentos de luta que os trabalhadores j\u00e1 viveram e perceber o quanto j\u00e1 conquistamos. Isso nos d\u00e1 for\u00e7a para seguirmos fortes e continuar lutando contra as reformas, que s\u00f3 beneficiam os empres\u00e1rios e tiram os nossos direitos\u201d, comenta Roberto von der Osten, presidente da Contraf-CUT. \u00a0<br \/>Durante o evento, os delegados e delegadas presentes discutiram a estrat\u00e9gia de lutas em torno do mote \u201cse a Reforma for colocada para votar, o Brasil vai parar\u201d. Tamb\u00e9m foi aprovada a proposta do calend\u00e1rio de lutas contra as reformas Trabalhista e Previdenci\u00e1ria e contra a privatiza\u00e7\u00e3o das empresas p\u00fablicas, que tem como a data para a sua primeira atividade o dia 7 de setembro.<br \/>Na data definida, os trabalhadores lan\u00e7ar\u00e3o uma campanha, que ter\u00e1 como miss\u00e3o colher mais de 1,3 milh\u00e3o de assinaturas a favor de um projeto de lei de iniciativa popular para revogar a Reforma Trabalhista de Temer, a ser enviada para o Congresso Nacional. <br \/>No dia 14 de setembro, a CUT e o movimento Brasil Metal\u00fargico Em Defesa dos Empregos na Ind\u00fastria e das Estatais ir\u00e3o organizar um Dia Nacional de Lutas. A mobiliza\u00e7\u00e3o recebeu tamb\u00e9m a ades\u00e3o da Federa\u00e7\u00e3o Nacional dos Urbanit\u00e1rios, que destaca em sua a\u00e7\u00e3o contra as privatiza\u00e7\u00f5es, a defesa da Eletrobr\u00e1s como patrim\u00f4nio nacional.<\/p>\n<p>No dia 3 de outubro, data em que se comemora o anivers\u00e1rio da Petrobr\u00e1s, ser\u00e1 a vez de o Rio de Janeiro promover uma grande manifesta\u00e7\u00e3o contra a privatiza\u00e7\u00e3o da empresa e de outros patrim\u00f4nios p\u00fablicos. Outras manifesta\u00e7\u00f5es nos estados nessa data poder\u00e3o ampliar sua visibilidade. <br \/>\u201cO golpe foi constru\u00eddo fora do pa\u00eds e foi, sobretudo, contra a classe trabalhadora. Al\u00e9m de retirar direitos, querem vender nosso pa\u00eds a pre\u00e7o de banana e acabar com a soberania do povo, vendendo terras e empresas estatais que financiaram por muitos anos a ascens\u00e3o da economia brasileira\u201d, explicou o presidente Nacional da CUT e banc\u00e1rio, Vagner Freitas.<br \/>Para refor\u00e7ar as atividades contra \u00e0 entrada em vigor da Reforma Trabalhista, marcada para o dia 11 de novembro, os movimentos sindicais e sociais embarcar\u00e3o numa caravana \u00e0 Bras\u00edlia na primeira quinzena do m\u00eas. <br \/>Al\u00e9m desses pontos, a Central vai manter o enfrentamento ao golpe, com o apoio \u00e0s a\u00e7\u00f5es em defesa de democracia e do direito de Lula disputar as elei\u00e7\u00f5es. <\/p>\n<p>Combate ao racismo<\/p>\n<p>O terceiro dia de Congresso foi marcado pelo relan\u00e7amento da campanha contra discrimina\u00e7\u00e3o no mundo do trabalho, pela Secretaria de Combate ao Racismo da CUT. Durante a apresenta\u00e7\u00e3o, que contou com uma m\u00edstica cultural, a secret\u00e1ria Maria J\u00falia Nogueira alertou para a discrimina\u00e7\u00e3o racial nesses espa\u00e7os e na desigualdade salarial entre brancos e negros.<\/p>\n<p>\u201cA chamada liberdade da aboli\u00e7\u00e3o n\u00e3o assegurou ao povo negro condi\u00e7\u00f5es de inclus\u00e3o na sociedade brasileira de forma digna, muito pelo contr\u00e1rio, foi relegado \u00e0s periferias das cidades, das rela\u00e7\u00f5es formais de trabalho, ou seja, jogado \u00e0 margem da sociedade que estava sendo constru\u00edda\u201d, destaca.<\/p>\n<p>O ato tamb\u00e9m pediu a liberdade de Rafael Braga, condenado a 11 anos e tr\u00eas meses de pris\u00e3o. Ele teria sido flagrado durante uma manifesta\u00e7\u00e3o com 0,6g de maconha, 9,3g de coca\u00edna e um roj\u00e3o, itens sobre os quais nega a posse.<\/p>\n<p><strong>Fonte: Contraf-CUT<\/strong><\/p>\n","protected":false},"excerpt":{"rendered":"<p>Terminou nesta quinta-feira (31), a 15\u00aa Plen\u00e1ria &#8211; Congresso Extraordin\u00e1rio e Exclusivo da Central \u00danica dos Trabalhadores (CUT). O evento aconteceu nos dias 28, 29, 30 e 31 de agosto, no Espa\u00e7o Immensit\u00e0, em S\u00e3o Paulo, e reuniu representantes de diversas categorias de todo o pa\u00eds para debater temas sobre a conjuntura socioecon\u00f4mica e pol\u00edtica [&hellip;]<\/p>\n","protected":false},"author":2,"featured_media":2954,"comment_status":"","ping_status":"","sticky":false,"template":"","format":"standard","meta":{"footnotes":""},"categories":[3],"tags":[],"class_list":["post-2955","post","type-post","status-publish","format-standard","has-post-thumbnail","hentry","category-noticias"],"_links":{"self":[{"href":"https:\/\/hostnetart.com.br\/baixada\/wp-json\/wp\/v2\/posts\/2955","targetHints":{"allow":["GET"]}}],"collection":[{"href":"https:\/\/hostnetart.com.br\/baixada\/wp-json\/wp\/v2\/posts"}],"about":[{"href":"https:\/\/hostnetart.com.br\/baixada\/wp-json\/wp\/v2\/types\/post"}],"author":[{"embeddable":true,"href":"https:\/\/hostnetart.com.br\/baixada\/wp-json\/wp\/v2\/users\/2"}],"replies":[{"embeddable":true,"href":"https:\/\/hostnetart.com.br\/baixada\/wp-json\/wp\/v2\/comments?post=2955"}],"version-history":[{"count":0,"href":"https:\/\/hostnetart.com.br\/baixada\/wp-json\/wp\/v2\/posts\/2955\/revisions"}],"wp:featuredmedia":[{"embeddable":true,"href":"https:\/\/hostnetart.com.br\/baixada\/wp-json\/wp\/v2\/media\/2954"}],"wp:attachment":[{"href":"https:\/\/hostnetart.com.br\/baixada\/wp-json\/wp\/v2\/media?parent=2955"}],"wp:term":[{"taxonomy":"category","embeddable":true,"href":"https:\/\/hostnetart.com.br\/baixada\/wp-json\/wp\/v2\/categories?post=2955"},{"taxonomy":"post_tag","embeddable":true,"href":"https:\/\/hostnetart.com.br\/baixada\/wp-json\/wp\/v2\/tags?post=2955"}],"curies":[{"name":"wp","href":"https:\/\/api.w.org\/{rel}","templated":true}]}}