{"id":2953,"date":"2017-09-01T14:07:27","date_gmt":"2017-09-01T17:07:27","guid":{"rendered":"https:\/\/hostnetart.com.br\/baixada\/justica-determina-que-bradesco-reintegre-ao-trabalho-bancaria-portadora-de-ler-dort\/"},"modified":"2017-09-01T14:07:27","modified_gmt":"2017-09-01T17:07:27","slug":"justica-determina-que-bradesco-reintegre-ao-trabalho-bancaria-portadora-de-ler-dort","status":"publish","type":"post","link":"https:\/\/hostnetart.com.br\/baixada\/justica-determina-que-bradesco-reintegre-ao-trabalho-bancaria-portadora-de-ler-dort\/","title":{"rendered":"Justi\u00e7a determina que Bradesco reintegre ao trabalho banc\u00e1ria portadora de LER\/Dort"},"content":{"rendered":"<p>O Bradesco da avenida Prudente de Morais, no Centro de Porto Velho, ter\u00e1 que reintegrar ao trabalho uma banc\u00e1ria demitida no dia 29 de junho de 2017, mesmo sendo portadora de doen\u00e7a ocupacional (provocada por fatores relacionados ao exerc\u00edcio da profiss\u00e3o), sob pena de multa di\u00e1ria no valor de R$ 200 at\u00e9 o limite de R$ 5.000,00 em favor da trabalhadora.<\/p>\n<p>A determina\u00e7\u00e3o \u00e9 em regime de tutela de urg\u00eancia, proferida pela ju\u00edza do Trabalho Substituta Ana C\u00e9lia Soares Ferreira, da 3\u00aa Vara do Trabalho de Porto Velho.<\/p>\n<p>Contratada em julho de 1998 pelo HSBC (adquirido pelo Bradesco em 2016), a banc\u00e1ria passou quase 19 anos de sua vida em dedica\u00e7\u00e3o ao mesmo trabalho. Em meados de 2012 come\u00e7ou a sentir dores nos membros superiores, estado que se agravou com o passar do tempo e, em 2014, foi encaminhada ao M\u00e9dico do Trabalho.<\/p>\n<p>Mesmo tendo levado o caso a conhecimento da dire\u00e7\u00e3o do banco &#8211; inclusive nos exames peri\u00f3dicos &#8211; nenhuma a\u00e7\u00e3o foi tomada pelo ent\u00e3o HSBC (hoje Bradesco) para minimizar o sofrimento da banc\u00e1ria.<\/p>\n<p>Para piorar o banco ainda a demite sem justa causa em junho deste ano, mesmo sabendo que a trabalhadora era portadora de doen\u00e7a gerada exatamente pelo exaustivo trabalho que dedicava diariamente, ano ap\u00f3s anos, \u00e0 institui\u00e7\u00e3o financeira.<\/p>\n<p>&#8220;No caso da reclamante, ainda que n\u00e3o se esteja discutindo estritamente o instituto da estabilidade, a tutela jurisdicional se d\u00e1 ainda com mais raz\u00e3o, eis que o nexo de causalidade entre a doen\u00e7a e o labor se encontra configurado h\u00e1 v\u00e1rios anos, havendo documentos nos autos explicitando a probabilidade do direito alegado, qual seja, que se encontrava incapacitada no momento da dispensa. Somando-se a isso o risco presumido da demora na situa\u00e7\u00e3o em que se encontra a reclamante, entendo configurados os requisitos do art. 300 do CPC, motivo pelo qual determino sua reintegra\u00e7\u00e3o aos quadros do reclamado, com a mesma remunera\u00e7\u00e3o e benef\u00edcios a que fazia jus no momento em que fora demitida, devendo a reintegra\u00e7\u00e3o ser feita em fun\u00e7\u00e3o compat\u00edvel com as limita\u00e7\u00f5es atuais da reclamante&#8221;, determinou a magistrada em sua decis\u00e3o.<\/p>\n<p>&#8220;Apesar de ser um dos bancos mais ricos do pa\u00eds, o Bradesco continua promovendo o fechamento de ag\u00eancias e demiss\u00f5es injustificadas de trabalhadores, principalmente depois que comprou o HSBC no pa\u00eds. E mesmo em um cen\u00e1rio de profunda crise econ\u00f4mica, continua contribuindo com o alto \u00edndice de desemprego, demitindo pessoas que dedicaram d\u00e9cadas de suas vidas para que o banco fosse a institui\u00e7\u00e3o lucrativa que \u00e9 hoje. E quando n\u00e3o demite cria um programa de demiss\u00e3o volunt\u00e1ria que tenta seduzir os trabalhadores a optarem por um futuro de incerteza e inseguran\u00e7a profissional&#8221;, avalia Jos\u00e9 Pinheiro, presidente do Sindicato dos Banc\u00e1rios e Trabalhadores do Ramo Financeiro de Rond\u00f4nia (SEEB-RO).<\/p>\n<p><strong>Fonte: Seeb\/Porto Velho<\/strong><\/p>\n","protected":false},"excerpt":{"rendered":"<p>O Bradesco da avenida Prudente de Morais, no Centro de Porto Velho, ter\u00e1 que reintegrar ao trabalho uma banc\u00e1ria demitida no dia 29 de junho de 2017, mesmo sendo portadora de doen\u00e7a ocupacional (provocada por fatores relacionados ao exerc\u00edcio da profiss\u00e3o), sob pena de multa di\u00e1ria no valor de R$ 200 at\u00e9 o limite de [&hellip;]<\/p>\n","protected":false},"author":2,"featured_media":2952,"comment_status":"","ping_status":"","sticky":false,"template":"","format":"standard","meta":{"footnotes":""},"categories":[3],"tags":[],"class_list":["post-2953","post","type-post","status-publish","format-standard","has-post-thumbnail","hentry","category-noticias"],"_links":{"self":[{"href":"https:\/\/hostnetart.com.br\/baixada\/wp-json\/wp\/v2\/posts\/2953","targetHints":{"allow":["GET"]}}],"collection":[{"href":"https:\/\/hostnetart.com.br\/baixada\/wp-json\/wp\/v2\/posts"}],"about":[{"href":"https:\/\/hostnetart.com.br\/baixada\/wp-json\/wp\/v2\/types\/post"}],"author":[{"embeddable":true,"href":"https:\/\/hostnetart.com.br\/baixada\/wp-json\/wp\/v2\/users\/2"}],"replies":[{"embeddable":true,"href":"https:\/\/hostnetart.com.br\/baixada\/wp-json\/wp\/v2\/comments?post=2953"}],"version-history":[{"count":0,"href":"https:\/\/hostnetart.com.br\/baixada\/wp-json\/wp\/v2\/posts\/2953\/revisions"}],"wp:featuredmedia":[{"embeddable":true,"href":"https:\/\/hostnetart.com.br\/baixada\/wp-json\/wp\/v2\/media\/2952"}],"wp:attachment":[{"href":"https:\/\/hostnetart.com.br\/baixada\/wp-json\/wp\/v2\/media?parent=2953"}],"wp:term":[{"taxonomy":"category","embeddable":true,"href":"https:\/\/hostnetart.com.br\/baixada\/wp-json\/wp\/v2\/categories?post=2953"},{"taxonomy":"post_tag","embeddable":true,"href":"https:\/\/hostnetart.com.br\/baixada\/wp-json\/wp\/v2\/tags?post=2953"}],"curies":[{"name":"wp","href":"https:\/\/api.w.org\/{rel}","templated":true}]}}