{"id":2945,"date":"2017-08-31T14:24:28","date_gmt":"2017-08-31T17:24:28","guid":{"rendered":"https:\/\/hostnetart.com.br\/baixada\/audiencia-publica-na-alerj-discute-o-impacto-das-privatizacoes-na-economia\/"},"modified":"2017-08-31T14:24:28","modified_gmt":"2017-08-31T17:24:28","slug":"audiencia-publica-na-alerj-discute-o-impacto-das-privatizacoes-na-economia","status":"publish","type":"post","link":"https:\/\/hostnetart.com.br\/baixada\/audiencia-publica-na-alerj-discute-o-impacto-das-privatizacoes-na-economia\/","title":{"rendered":"Audi\u00eancia p\u00fablica na Alerj discute o impacto das privatiza\u00e7\u00f5es na economia"},"content":{"rendered":"<p>A Assembleia Legislativa do Rio de Janeiro (Alerj) realizar\u00e1 na sexta-feira (1\/9) uma audi\u00eancia p\u00fablica sobre \u201cAs privatiza\u00e7\u00f5es e o impacto na economia do Estado do Rio de Janeiro\u201d, com foco no sistema Eletrobras, Casa da Moeda, Cedae, Petrobras e fundos de pens\u00e3o.<\/p>\n<p>A atividade ser\u00e1 realizada no plen\u00e1rio Lima Sobrinho, a partir das 10h30. Os interessados podem obter mais informa\u00e7\u00f5es pelo telefone (21) 2588-1535, gabinete do deputado estadual Paulo Ramos (Psol), presidente da Comiss\u00e3o de Trabalho, Legisla\u00e7\u00e3o Social e Seguridade da Alerj.<\/p>\n<p>A Alerj fica na rua Primeiro de mar\u00e7o, s\/n, Pra\u00e7a XV, no Centro da cidade do Rio de Janeiro.<\/p>\n<p><strong>Fonte: Contraf-CUT<\/strong><\/p>\n","protected":false},"excerpt":{"rendered":"<p>A Assembleia Legislativa do Rio de Janeiro (Alerj) realizar\u00e1 na sexta-feira (1\/9) uma audi\u00eancia p\u00fablica sobre \u201cAs privatiza\u00e7\u00f5es e o impacto na economia do Estado do Rio de Janeiro\u201d, com foco no sistema Eletrobras, Casa da Moeda, Cedae, Petrobras e fundos de pens\u00e3o. A atividade ser\u00e1 realizada no plen\u00e1rio Lima Sobrinho, a partir das 10h30. [&hellip;]<\/p>\n","protected":false},"author":2,"featured_media":2944,"comment_status":"","ping_status":"","sticky":false,"template":"","format":"standard","meta":{"footnotes":""},"categories":[3],"tags":[],"class_list":["post-2945","post","type-post","status-publish","format-standard","has-post-thumbnail","hentry","category-noticias"],"_links":{"self":[{"href":"https:\/\/hostnetart.com.br\/baixada\/wp-json\/wp\/v2\/posts\/2945","targetHints":{"allow":["GET"]}}],"collection":[{"href":"https:\/\/hostnetart.com.br\/baixada\/wp-json\/wp\/v2\/posts"}],"about":[{"href":"https:\/\/hostnetart.com.br\/baixada\/wp-json\/wp\/v2\/types\/post"}],"author":[{"embeddable":true,"href":"https:\/\/hostnetart.com.br\/baixada\/wp-json\/wp\/v2\/users\/2"}],"replies":[{"embeddable":true,"href":"https:\/\/hostnetart.com.br\/baixada\/wp-json\/wp\/v2\/comments?post=2945"}],"version-history":[{"count":0,"href":"https:\/\/hostnetart.com.br\/baixada\/wp-json\/wp\/v2\/posts\/2945\/revisions"}],"wp:featuredmedia":[{"embeddable":true,"href":"https:\/\/hostnetart.com.br\/baixada\/wp-json\/wp\/v2\/media\/2944"}],"wp:attachment":[{"href":"https:\/\/hostnetart.com.br\/baixada\/wp-json\/wp\/v2\/media?parent=2945"}],"wp:term":[{"taxonomy":"category","embeddable":true,"href":"https:\/\/hostnetart.com.br\/baixada\/wp-json\/wp\/v2\/categories?post=2945"},{"taxonomy":"post_tag","embeddable":true,"href":"https:\/\/hostnetart.com.br\/baixada\/wp-json\/wp\/v2\/tags?post=2945"}],"curies":[{"name":"wp","href":"https:\/\/api.w.org\/{rel}","templated":true}]}}