{"id":2943,"date":"2017-08-31T14:22:35","date_gmt":"2017-08-31T17:22:35","guid":{"rendered":"https:\/\/hostnetart.com.br\/baixada\/juiz-suspende-qualquer-decreto-que-tente-extinguir-reserva-na-amazonia\/"},"modified":"2017-08-31T14:22:35","modified_gmt":"2017-08-31T17:22:35","slug":"juiz-suspende-qualquer-decreto-que-tente-extinguir-reserva-na-amazonia","status":"publish","type":"post","link":"https:\/\/hostnetart.com.br\/baixada\/juiz-suspende-qualquer-decreto-que-tente-extinguir-reserva-na-amazonia\/","title":{"rendered":"Juiz suspende qualquer decreto que tente extinguir reserva na Amaz\u00f4nia"},"content":{"rendered":"<p>O Juiz Rolando Spanholo, da Justi\u00e7a Federal no Distrito Federal, determinou a suspens\u00e3o imediata de \u201ctodo e qualquer ato administrativo tendente a extinguir a Reserva Nacional do Cobre e Associados (Renca)\u201d, localizada entre o Par\u00e1 e o Amap\u00e1, na Amaz\u00f4nia. A Advocacia-Geral da Uni\u00e3o (AGU) informou que vai recorrer.<\/p>\n<p>A decis\u00e3o em car\u00e1ter liminar (provis\u00f3ria), publicada na ter\u00e7a-feira 29, suspende os efeitos dos decretos do governo Michel Temer que extinguiram a reserva para abrir o territ\u00f3rio a mineradoras privadas interessadas na explora\u00e7\u00e3o de ouro, ferro, mangan\u00eas e t\u00e2ntalo.<\/p>\n<p>Com quase 47 mil quil\u00f4metros quadrados, a Renca possui \u00e1rea equivalente \u00e0 do Estado do Esp\u00edrito Santo e seu territ\u00f3rio se sobrep\u00f5e a sete Unidades de Conserva\u00e7\u00e3o (UCs) e duas terras ind\u00edgenas.<\/p>\n<p>Em sua decis\u00e3o, o juiz Spanholo, da 21\u00aa Vara Federal do DF, afirma que \u00e9 \u201cinadequada a pretens\u00e3o do Executivo Federal em extinguir (total ou parcialmente) a Renca, por meio de simples decreto e sem a pr\u00e9via delibera\u00e7\u00e3o do Congresso Nacional\u201d.<\/p>\n<p>O magistrado cita diversos artigos da Constitui\u00e7\u00e3o Federal e conclui que o texto \u201cdeixou expresso que, ap\u00f3s outubro de 1988, somente lei em sentido formal poder\u00e1 impor mudan\u00e7as na forma de utiliza\u00e7\u00e3o dos recursos naturais existentes na \u00e1rea de abrang\u00eancia da Renca\u201d.<\/p>\n<p>O primeiro decreto de extin\u00e7\u00e3o da Renca foi publicado por Temer no \u00faltimo dia 23. Cinco dias depois, fortemente pressionado pela repercuss\u00e3o negativa da medida, o governo revogou o decreto, mas editou outro que mantinha a extin\u00e7\u00e3o da Renca.<\/p>\n<p>No novo texto, o governo acrescentou que cumpriria as leis que j\u00e1 estavam previstas na legisla\u00e7\u00e3o brasileira, o que, para ambientalistas e defensores dos povos ind\u00edgenas, n\u00e3o protege a regi\u00e3o. Eles temem que o pr\u00f3ximo passo do governo seja flexibilizar o status das \u00e1reas protegidas, precedente aberto com a recente revoga\u00e7\u00e3o da portaria de demarca\u00e7\u00e3o da terra ind\u00edgena guarani no Pico do Jaragu\u00e1, em S\u00e3o Paulo.<\/p>\n","protected":false},"excerpt":{"rendered":"<p>O Juiz Rolando Spanholo, da Justi\u00e7a Federal no Distrito Federal, determinou a suspens\u00e3o imediata de \u201ctodo e qualquer ato administrativo tendente a extinguir a Reserva Nacional do Cobre e Associados (Renca)\u201d, localizada entre o Par\u00e1 e o Amap\u00e1, na Amaz\u00f4nia. A Advocacia-Geral da Uni\u00e3o (AGU) informou que vai recorrer. A decis\u00e3o em car\u00e1ter liminar (provis\u00f3ria), [&hellip;]<\/p>\n","protected":false},"author":2,"featured_media":2942,"comment_status":"","ping_status":"","sticky":false,"template":"","format":"standard","meta":{"footnotes":""},"categories":[3],"tags":[],"class_list":["post-2943","post","type-post","status-publish","format-standard","has-post-thumbnail","hentry","category-noticias"],"_links":{"self":[{"href":"https:\/\/hostnetart.com.br\/baixada\/wp-json\/wp\/v2\/posts\/2943","targetHints":{"allow":["GET"]}}],"collection":[{"href":"https:\/\/hostnetart.com.br\/baixada\/wp-json\/wp\/v2\/posts"}],"about":[{"href":"https:\/\/hostnetart.com.br\/baixada\/wp-json\/wp\/v2\/types\/post"}],"author":[{"embeddable":true,"href":"https:\/\/hostnetart.com.br\/baixada\/wp-json\/wp\/v2\/users\/2"}],"replies":[{"embeddable":true,"href":"https:\/\/hostnetart.com.br\/baixada\/wp-json\/wp\/v2\/comments?post=2943"}],"version-history":[{"count":0,"href":"https:\/\/hostnetart.com.br\/baixada\/wp-json\/wp\/v2\/posts\/2943\/revisions"}],"wp:featuredmedia":[{"embeddable":true,"href":"https:\/\/hostnetart.com.br\/baixada\/wp-json\/wp\/v2\/media\/2942"}],"wp:attachment":[{"href":"https:\/\/hostnetart.com.br\/baixada\/wp-json\/wp\/v2\/media?parent=2943"}],"wp:term":[{"taxonomy":"category","embeddable":true,"href":"https:\/\/hostnetart.com.br\/baixada\/wp-json\/wp\/v2\/categories?post=2943"},{"taxonomy":"post_tag","embeddable":true,"href":"https:\/\/hostnetart.com.br\/baixada\/wp-json\/wp\/v2\/tags?post=2943"}],"curies":[{"name":"wp","href":"https:\/\/api.w.org\/{rel}","templated":true}]}}