{"id":2935,"date":"2017-08-29T23:58:35","date_gmt":"2017-08-30T02:58:35","guid":{"rendered":"https:\/\/hostnetart.com.br\/baixada\/cut-debate-o-futuro-do-trabalho-e-a-defesa-dos-direitos\/"},"modified":"2017-08-29T23:58:35","modified_gmt":"2017-08-30T02:58:35","slug":"cut-debate-o-futuro-do-trabalho-e-a-defesa-dos-direitos","status":"publish","type":"post","link":"https:\/\/hostnetart.com.br\/baixada\/cut-debate-o-futuro-do-trabalho-e-a-defesa-dos-direitos\/","title":{"rendered":"CUT debate o futuro do trabalho e a defesa dos direitos"},"content":{"rendered":"<p><span style=\"text-decoration: underline;\"><em>O futuro das rela\u00e7\u00f5es do trabalho e as novas tecnologias s\u00e3o os principais desafios do movimento sindical<\/em><\/span><\/p>\n<p>Depois da aprova\u00e7\u00e3o do regimento interno, os convidados da primeira mesa do segundo dia do 15\u00ba Congresso Extraordin\u00e1rio, que vai at\u00e9 a pr\u00f3xima quinta (31), trouxeram para o debate os temas \u201cFinanceiriza\u00e7\u00e3o, Automo\u00e7\u00e3o e o Futuro do Trabalho\u201d que est\u00e3o mudando as rela\u00e7\u00f5es de trabalho no Brasil e no mundo, gerando trabalhos prec\u00e1rios, desempregos e at\u00e9 extin\u00e7\u00e3o de algumas categorias no futuro do trabalho.<\/p>\n<p>\u201cCom a aprova\u00e7\u00e3o da reforma Trabalhista, a Terceiriza\u00e7ao e as transforma\u00e7\u00f5es do mundo, com as novas tecnologias, a CUT precisa discutir e tra\u00e7ar estrat\u00e9gias para continuar lutando pelos direitos da classe trabalhadora\u201d, explicou o secret\u00e1rio Geral da CUT, S\u00e9rgio Nobre.<\/p>\n<p>A financeiriza\u00e7\u00e3o [a possibilidade da acumula\u00e7\u00e3o da riqueza abstrata, desvencilhada dos inc\u00f4modos da produ\u00e7\u00e3o material \u2013 o famoso rentismo] \u00e9 um fen\u00f4meno mundial, segundo o diplomata brasileiro e ex-ministro da defesa, Celso Amorim. \u201cMuitos empres\u00e1rios ganham muito mais dinheiro com o mercado financeiro que com a produtividade do trabalho\u201d, explicou.<\/p>\n<p>Este modelo de comprar papel e n\u00e3o investir em produ\u00e7\u00e3o vem acompanhado da desindustrializa\u00e7\u00e3o e desnacionaliza\u00e7\u00e3o, privatizando as empresas estatais, diminuindo postos de trabalho, destruindo o Estado e aumentando a desigualdade, segundo o diplomata.<\/p>\n<p>Amorim ainda destaca que nem na ditadura houve uma violenta e r\u00e1pida destrui\u00e7\u00e3o dos direitos do trabalho e do Estado. \u201cA soberania est\u00e1 sendo amea\u00e7ada e sabemos que a liberdade \u00e9 indissoci\u00e1vel. N\u00e3o h\u00e1 desenvolvimento nacional sem o forte apoio do Estado e n\u00e3o igualdade sem democracia\u201d, destacou.<\/p>\n<p>O professor Ladislau Dawbor reafirmou que o dinheiro est\u00e1 indo para mercado financeiro paralisa a economia. Al\u00e9m dos mais de 14 milh\u00f5es de desempregos no pa\u00eds, segundo Ladislau, 61 milh\u00f5es de adultos est\u00e3o enforcados com o pagamento dos juros do que j\u00e1 compraram. \u201cOs empres\u00e1rios n\u00e3o ir\u00e3o investir em produ\u00e7\u00e3o se n\u00e3o tiver pra quem vender\u201d, completou.<\/p>\n<p>Ladislau tamb\u00e9m destacou os milh\u00f5es em impostos que s\u00e3o \u201cinvestidos\u201d em banco ao inv\u00e9s de desenvolver estrutura e pol\u00edticas sociais, cortando o sal\u00e1rio indireto, como creche, sa\u00fade e educa\u00e7\u00e3o universal e gratuitos, entre outras.<\/p>\n<p>O professor afirmou que os desafios s\u00e3o grandes com as novas tecnologias, mas tamb\u00e9m v\u00ea oportunidades. \u201cNo Qu\u00eania pequenos agricultores conseguem fazer contatos direitos com quem vai comprar seus produtos via celular, tirando o intermediador do processo\u201d, contou. Ele acredita que a produ\u00e7\u00e3o baseada no conhecimento est\u00e1 em alta. \u201cQualquer agricultor hoje t\u00e1 usando analise de sol, h\u00eddrica, entre outros e mais da metade do valor dos produtos, n\u00e3o \u00e9 trabalho f\u00edsico \u00e9 conhecimento\u201d, frizou.<\/p>\n<p>O professor Lucas Tasquetto disse que os riscos das novas tecnologias e a automo\u00e7\u00e3o esbarram na substitui\u00e7\u00e3o de empregos permanentes. Segundo ele, no contexto norte americano, 47% da m\u00e3o de obra total se caracteriza com auto risco de ser automatizados em uma d\u00e9cada ou duas e podem ser extintos. \u201cA propor\u00e7\u00e3o do risco dos empregos quando traz para os pa\u00edses em desenvolvimento chega a 70%\u201d, contou.<\/p>\n<p>Tasquetto destacou que os futuros postos de trabalho precisar\u00e3o de menos pessoas, mas com conhecimento t\u00e9cnico e que a \u201cuberiza\u00e7\u00e3o\u201d da economia pode degradar a rela\u00e7\u00e3o do trabalho diminuindo sal\u00e1rios e reduzindo as chances de negocia\u00e7\u00e3o com os sindicatos.<\/p>\n<p>\u201cOs trabalhadores e as trabalhadoras ter\u00e3o que assumir todos os riscos do trabalho individual e com a lapida\u00e7\u00e3o dos direitos trabalhistas isto se aprofunda\u201d, explicou. Para o professor, \u201cos sindicatos precisam se atentar ao assunto e cobrar do Estado pol\u00edticas que moldem a governan\u00e7a da internet para garantir seguran\u00e7a dos trabalhadores neste novo mundo do trabalho, que n\u00e3o h\u00e1 mais volta\u201d.<\/p>\n<p><strong>Fonte: CUT<\/strong><\/p>\n","protected":false},"excerpt":{"rendered":"<p>O futuro das rela\u00e7\u00f5es do trabalho e as novas tecnologias s\u00e3o os principais desafios do movimento sindical Depois da aprova\u00e7\u00e3o do regimento interno, os convidados da primeira mesa do segundo dia do 15\u00ba Congresso Extraordin\u00e1rio, que vai at\u00e9 a pr\u00f3xima quinta (31), trouxeram para o debate os temas \u201cFinanceiriza\u00e7\u00e3o, Automo\u00e7\u00e3o e o Futuro do Trabalho\u201d [&hellip;]<\/p>\n","protected":false},"author":2,"featured_media":2934,"comment_status":"","ping_status":"","sticky":false,"template":"","format":"standard","meta":{"footnotes":""},"categories":[3],"tags":[],"class_list":["post-2935","post","type-post","status-publish","format-standard","has-post-thumbnail","hentry","category-noticias"],"_links":{"self":[{"href":"https:\/\/hostnetart.com.br\/baixada\/wp-json\/wp\/v2\/posts\/2935","targetHints":{"allow":["GET"]}}],"collection":[{"href":"https:\/\/hostnetart.com.br\/baixada\/wp-json\/wp\/v2\/posts"}],"about":[{"href":"https:\/\/hostnetart.com.br\/baixada\/wp-json\/wp\/v2\/types\/post"}],"author":[{"embeddable":true,"href":"https:\/\/hostnetart.com.br\/baixada\/wp-json\/wp\/v2\/users\/2"}],"replies":[{"embeddable":true,"href":"https:\/\/hostnetart.com.br\/baixada\/wp-json\/wp\/v2\/comments?post=2935"}],"version-history":[{"count":0,"href":"https:\/\/hostnetart.com.br\/baixada\/wp-json\/wp\/v2\/posts\/2935\/revisions"}],"wp:featuredmedia":[{"embeddable":true,"href":"https:\/\/hostnetart.com.br\/baixada\/wp-json\/wp\/v2\/media\/2934"}],"wp:attachment":[{"href":"https:\/\/hostnetart.com.br\/baixada\/wp-json\/wp\/v2\/media?parent=2935"}],"wp:term":[{"taxonomy":"category","embeddable":true,"href":"https:\/\/hostnetart.com.br\/baixada\/wp-json\/wp\/v2\/categories?post=2935"},{"taxonomy":"post_tag","embeddable":true,"href":"https:\/\/hostnetart.com.br\/baixada\/wp-json\/wp\/v2\/tags?post=2935"}],"curies":[{"name":"wp","href":"https:\/\/api.w.org\/{rel}","templated":true}]}}