{"id":2933,"date":"2017-08-29T23:56:09","date_gmt":"2017-08-30T02:56:09","guid":{"rendered":"https:\/\/hostnetart.com.br\/baixada\/caixa-anuncia-fechamento-de-agencias-no-dia-do-bancario\/"},"modified":"2017-08-29T23:56:09","modified_gmt":"2017-08-30T02:56:09","slug":"caixa-anuncia-fechamento-de-agencias-no-dia-do-bancario","status":"publish","type":"post","link":"https:\/\/hostnetart.com.br\/baixada\/caixa-anuncia-fechamento-de-agencias-no-dia-do-bancario\/","title":{"rendered":"Caixa anuncia fechamento de ag\u00eancias no dia do banc\u00e1rio"},"content":{"rendered":"<p><span style=\"text-decoration: underline;\"><em>Banco omitiu informa\u00e7\u00f5es aos trabalhadores e de forma irrespons\u00e1vel anunciou no dia 28 de agosto o fechamento de ag\u00eancias pelo pa\u00eds<\/em> <\/span><\/p>\n<p>No dia do banc\u00e1rio (28), a Caixa Econ\u00f4mica Federal surpreendeu os trabalhadores banc\u00e1rios com o an\u00fancio do fechamento de importantes pontos de atendimento \u00e0 popula\u00e7\u00e3o. Dentre eles, as ag\u00eancias de Campinas de Piraj\u00e1, Salvador, e da Vila Clementino, em S\u00e3o Paulo. Ao ser questionado pela Comiss\u00e3o Executiva dos Empregados da Caixa (CEE\/Caixa), na \u00faltima reuni\u00e3o realizada no dia 15 de agosto de 2017, o banco omitiu as informa\u00e7\u00f5es sobre o encerramento das atividades e quais ag\u00eancias seriam afetadas. <br \/>Com investimentos em projetos de constru\u00e7\u00e3o de moradias populares, incentivo ao esporte, \u00e0 cultura e financiamento \u00e0 educa\u00e7\u00e3o, micro e pequenas empresas, a Caixa se tornou um banco p\u00fablico fundamental para o desenvolvimento econ\u00f4mico e social do pa\u00eds e a redu\u00e7\u00e3o da sua capilaridade \u00e9 cada vez mais preocupante para a popula\u00e7\u00e3o.<br \/>Durante a \u00faltima reuni\u00e3o com os representantes dos empregados, a dire\u00e7\u00e3o da Caixa afirmou que n\u00e3o tinha a previs\u00e3o de fechamento de ag\u00eancias e que o d\u00e9ficit financeiro das unidades era o principal par\u00e2metro a ser considerado. Para Dionisio Reis, coordenador da CEE\/Caixa, a atitude causa efeito contr\u00e1rio e prejudica a imagem do banco que, por sua inser\u00e7\u00e3o na sociedade, conquistou grande valoriza\u00e7\u00e3o da sua marca. \u201cAs ag\u00eancias que est\u00e3o localizadas em regi\u00f5es distantes e bairros onde s\u00f3 tem a Caixa como banco s\u00e3o muito importantes para a popula\u00e7\u00e3o e tamb\u00e9m fazem com que a imagem da empresa se valorize. A Caixa virou &#8216;top of mind&#8217; por conta de estar em todos os locais\u201d, afirmou.<br \/>O processo de fechamento de ag\u00eancias retira trabalhadores de suas fun\u00e7\u00f5es e contribui para precariza\u00e7\u00e3o do atendimento, al\u00e9m de atacar o desenvolvimento local e contribuir para a recess\u00e3o e desemprego no pa\u00eds. \u201c\u00c9 um absurdo. \u00c9 um atentado contra a empresa e contra os trabalhadores\u201d, finalizou Dion\u00edsio.<\/p>\n<p><strong>Contra o desmonte<\/strong><br \/>A Comiss\u00e3o Executiva dos Empregados da Caixa, em conjunto com a Confedera\u00e7\u00e3o Nacional dos Trabalhadores do Ramo Financeiro (Contraf-CUT) e com a Federa\u00e7\u00e3o Nacional das Associa\u00e7\u00f5es de Pessoal da Caixa (Fenae), divulgou em Carta Aberta \u00e0 popula\u00e7\u00e3o, no dia 23 de agosto, a realiza\u00e7\u00e3o de atos semanais, todas as quartas-feiras, contra o desmonte dos bancos p\u00fablicos, realizado pelo governo Temer. \u201cQualquer movimenta\u00e7\u00e3o como a que est\u00e1 sendo feita com a Caixa tem que ser feita ap\u00f3s discuss\u00e3o com a sociedade. A Caixa \u00e9 mais que um banco e a sociedade espera isso da dire\u00e7\u00e3o do banco\u201d, disse Dion\u00edsio.<\/p>\n<p><em><strong>Fonte: Contraf-CUT<\/strong><\/em><\/p>\n","protected":false},"excerpt":{"rendered":"<p>Banco omitiu informa\u00e7\u00f5es aos trabalhadores e de forma irrespons\u00e1vel anunciou no dia 28 de agosto o fechamento de ag\u00eancias pelo pa\u00eds No dia do banc\u00e1rio (28), a Caixa Econ\u00f4mica Federal surpreendeu os trabalhadores banc\u00e1rios com o an\u00fancio do fechamento de importantes pontos de atendimento \u00e0 popula\u00e7\u00e3o. Dentre eles, as ag\u00eancias de Campinas de Piraj\u00e1, Salvador, [&hellip;]<\/p>\n","protected":false},"author":2,"featured_media":2932,"comment_status":"","ping_status":"","sticky":false,"template":"","format":"standard","meta":{"footnotes":""},"categories":[3],"tags":[],"class_list":["post-2933","post","type-post","status-publish","format-standard","has-post-thumbnail","hentry","category-noticias"],"_links":{"self":[{"href":"https:\/\/hostnetart.com.br\/baixada\/wp-json\/wp\/v2\/posts\/2933","targetHints":{"allow":["GET"]}}],"collection":[{"href":"https:\/\/hostnetart.com.br\/baixada\/wp-json\/wp\/v2\/posts"}],"about":[{"href":"https:\/\/hostnetart.com.br\/baixada\/wp-json\/wp\/v2\/types\/post"}],"author":[{"embeddable":true,"href":"https:\/\/hostnetart.com.br\/baixada\/wp-json\/wp\/v2\/users\/2"}],"replies":[{"embeddable":true,"href":"https:\/\/hostnetart.com.br\/baixada\/wp-json\/wp\/v2\/comments?post=2933"}],"version-history":[{"count":0,"href":"https:\/\/hostnetart.com.br\/baixada\/wp-json\/wp\/v2\/posts\/2933\/revisions"}],"wp:featuredmedia":[{"embeddable":true,"href":"https:\/\/hostnetart.com.br\/baixada\/wp-json\/wp\/v2\/media\/2932"}],"wp:attachment":[{"href":"https:\/\/hostnetart.com.br\/baixada\/wp-json\/wp\/v2\/media?parent=2933"}],"wp:term":[{"taxonomy":"category","embeddable":true,"href":"https:\/\/hostnetart.com.br\/baixada\/wp-json\/wp\/v2\/categories?post=2933"},{"taxonomy":"post_tag","embeddable":true,"href":"https:\/\/hostnetart.com.br\/baixada\/wp-json\/wp\/v2\/tags?post=2933"}],"curies":[{"name":"wp","href":"https:\/\/api.w.org\/{rel}","templated":true}]}}