{"id":2931,"date":"2017-08-29T14:04:30","date_gmt":"2017-08-29T17:04:30","guid":{"rendered":"https:\/\/hostnetart.com.br\/baixada\/congresso-da-cut-reforca-luta-contra-o-golpe\/"},"modified":"2017-08-29T14:04:30","modified_gmt":"2017-08-29T17:04:30","slug":"congresso-da-cut-reforca-luta-contra-o-golpe","status":"publish","type":"post","link":"https:\/\/hostnetart.com.br\/baixada\/congresso-da-cut-reforca-luta-contra-o-golpe\/","title":{"rendered":"Congresso da CUT refor\u00e7a luta contra o golpe"},"content":{"rendered":"<p>A Cerim\u00f4nia de abertura do 15\u00ba Congresso Extraordin\u00e1rio da CUT aconteceu nesta segunda-feira (28), no Espa\u00e7o Immensit\u00e0, em S\u00e3o Paulo. O evento reuniu e 800 delegadas e delegados de todo o Brasil e relembrou os 100 anos de luta da classe trabalhadora.<\/p>\n<p>No palco, grande parte da Dire\u00e7\u00e3o Nacional da CUT, representantes dos movimentos sociais e das demais centrais sindicais. Entre os discursos, um fator comum: o reconhecimento do acirramento da luta de classes.<\/p>\n<p>A vice-presidenta nacional da CUT, Carmen Foro, celebrou os 34 anos da CUT. \u201cViva a maior central sindical da Am\u00e9rica Latina\u201d. Em sua fala, a dirigente analisou o atual cen\u00e1rio pol\u00edtico do pa\u00eds.<\/p>\n<p>\u201cN\u00f3s fomos chamados para um momento de profunda reflex\u00e3o sobre o futuro de nossa organiza\u00e7\u00e3o e da nossa luta. Eu tenho certeza que de tudo que vamos aprovar nesse Congresso, tem quest\u00f5es que ser\u00e3o grandes desafios. Um deles \u00e9 melhorar nossa compreens\u00e3o da luta de classes\u201d, afirmou Carmen, que fez um recorte racial em sua fala.<\/p>\n<p>\u201cN\u00f3s n\u00e3o podemos em um ambiente de profunda desigualdade, achar absolutamente natural que os jovens negros sejam exterminados nas periferias de nossas cidades. N\u00e3o podemos achar natural que nos nossos espa\u00e7os de debate, n\u00e3o se fale da morte da juventude negra, sendo que esta \u00e9 a maioria da popula\u00e7\u00e3o brasileira\u201d, encerrou Carmen.<\/p>\n<p>A presidenta nacional do Partido dos Trabalhadores (PT), Gleisi Hoffmann, lembrou que \u201cdurante os 34 anos de sua exist\u00eancia, a CUT se caracterizou pela defesa da classe trabalhadora\u201d e tamb\u00e9m chamou a aten\u00e7\u00e3o para a defesa da das camadas mais pobres da popula\u00e7\u00e3o.<\/p>\n<p>\u201cNunca tivemos um acirramento da luta de classes como agora. H\u00e1 um acirramento da retirada de direitos. Em menos de um ano e meio desde que eles deram o golpe, destru\u00edram a CLT e agora est\u00e3o vendendo o Brasil em um sald\u00e3o\u201d, encerrou Gleisi.<\/p>\n<p>Durante a cerim\u00f4nia, cada um dos representantes dos 27 estados presentes homenageou nomes importantes que marcaram a hist\u00f3ria de luta. Entre os citados estavam o seringueiro Chico Mendes, a psiquiatra Nise de Oliveira, o trabalhador rural Nativo da Natividade, o antrop\u00f3logo Darcy Ribeiro, Margarida Alves, entre outros.<\/p>\n<p><em><strong>Fonte: Contraf-CUT<\/strong><\/em><\/p>\n","protected":false},"excerpt":{"rendered":"<p>A Cerim\u00f4nia de abertura do 15\u00ba Congresso Extraordin\u00e1rio da CUT aconteceu nesta segunda-feira (28), no Espa\u00e7o Immensit\u00e0, em S\u00e3o Paulo. O evento reuniu e 800 delegadas e delegados de todo o Brasil e relembrou os 100 anos de luta da classe trabalhadora. No palco, grande parte da Dire\u00e7\u00e3o Nacional da CUT, representantes dos movimentos sociais [&hellip;]<\/p>\n","protected":false},"author":2,"featured_media":2930,"comment_status":"","ping_status":"","sticky":false,"template":"","format":"standard","meta":{"footnotes":""},"categories":[3],"tags":[],"class_list":["post-2931","post","type-post","status-publish","format-standard","has-post-thumbnail","hentry","category-noticias"],"_links":{"self":[{"href":"https:\/\/hostnetart.com.br\/baixada\/wp-json\/wp\/v2\/posts\/2931","targetHints":{"allow":["GET"]}}],"collection":[{"href":"https:\/\/hostnetart.com.br\/baixada\/wp-json\/wp\/v2\/posts"}],"about":[{"href":"https:\/\/hostnetart.com.br\/baixada\/wp-json\/wp\/v2\/types\/post"}],"author":[{"embeddable":true,"href":"https:\/\/hostnetart.com.br\/baixada\/wp-json\/wp\/v2\/users\/2"}],"replies":[{"embeddable":true,"href":"https:\/\/hostnetart.com.br\/baixada\/wp-json\/wp\/v2\/comments?post=2931"}],"version-history":[{"count":0,"href":"https:\/\/hostnetart.com.br\/baixada\/wp-json\/wp\/v2\/posts\/2931\/revisions"}],"wp:featuredmedia":[{"embeddable":true,"href":"https:\/\/hostnetart.com.br\/baixada\/wp-json\/wp\/v2\/media\/2930"}],"wp:attachment":[{"href":"https:\/\/hostnetart.com.br\/baixada\/wp-json\/wp\/v2\/media?parent=2931"}],"wp:term":[{"taxonomy":"category","embeddable":true,"href":"https:\/\/hostnetart.com.br\/baixada\/wp-json\/wp\/v2\/categories?post=2931"},{"taxonomy":"post_tag","embeddable":true,"href":"https:\/\/hostnetart.com.br\/baixada\/wp-json\/wp\/v2\/tags?post=2931"}],"curies":[{"name":"wp","href":"https:\/\/api.w.org\/{rel}","templated":true}]}}