{"id":2929,"date":"2017-08-29T14:02:44","date_gmt":"2017-08-29T17:02:44","guid":{"rendered":"https:\/\/hostnetart.com.br\/baixada\/cut-realiza-15-congresso-extraordinario\/"},"modified":"2017-08-29T14:02:44","modified_gmt":"2017-08-29T17:02:44","slug":"cut-realiza-15-congresso-extraordinario","status":"publish","type":"post","link":"https:\/\/hostnetart.com.br\/baixada\/cut-realiza-15-congresso-extraordinario\/","title":{"rendered":"CUT realiza 15\u00ba Congresso Extraordin\u00e1rio"},"content":{"rendered":"<p>A Central \u00danica dos Trabalhadores (CUT) realiza, a partir desta segunda-feira (28), o \u201c15\u00ba Congresso Extraordin\u00e1rio e Exclusivo: 100 anos depois&#8230;A luta continua! Nenhum Direito a Menos\u201d, para debater os seus rumos como maior central sindical da Am\u00e9rica Latina. A data coincide com os 34 anos de funda\u00e7\u00e3o da entidade e lembra o centen\u00e1rio da primeira greve geral no Brasil e da Revolu\u00e7\u00e3o Russa.<\/p>\n<p>A Plen\u00e1ria abriga uma exposi\u00e7\u00e3o sobre a greve geral de 1917 organizada pelo Centro de Documenta\u00e7\u00e3o e Mem\u00f3ria Sindical (Cedoc\/CUT) e pela Secretaria de Cultura da CUT, em parceria com o Arquivo Edgard Leuenroth, da Universidade Estadual de Campinas (Unicamp).<\/p>\n<p>O Presidente Nacional da CUT, Vagner Freitas saudou \u00e0 luta dos trabalhadores e trabalhadoras que fazem parte da hist\u00f3ria da maior central sindical da Am\u00e9rica Latina. \u201cNeste dia a CUT completa 34 anos de idade, de muita hist\u00f3ria, de muita luta. Nada nos \u00faltimos 34 anos de hist\u00f3ria no Brasil passou sem que tivesse a interfer\u00eancia da CUT e seus sindicatos\u201d, afirmou.<\/p>\n<p>\u201cDefender o emprego, os trabalhadores, o Brasil, a democracia, uma sociedade justa para todos, \u00e9 o nosso legado. O Brasil precisa de direitos, dar respeito aos direitos, igualdade e a CUT trabalha para construir isso\u201d, finalizou Vagner.<\/p>\n<p>Leia na \u00edntegra: https:\/\/cut.org.br\/noticias\/comeca-nesta-segunda-o-congresso-extraordinario-da-cut-fb79\/<\/p>\n<p><strong>Servi\u00e7o<\/strong><\/p>\n<p>Local: Espa\u00e7o Immensit\u00e0: Av. Luiz Dumont Villares, 392 &#8211; Junto ao Complexo Hoteleiro Wyndham Garden Convention Nortel &#8211; F. 11 5070-9000<\/p>\n<p>Datas: Dias 28,29,30 e 31 de agosto de 2017<\/p>\n<p>Hor\u00e1rio: a partir das 9h<\/p>\n<p><strong><em>Fonte: Contraf-CUT<\/em><\/strong><\/p>\n","protected":false},"excerpt":{"rendered":"<p>A Central \u00danica dos Trabalhadores (CUT) realiza, a partir desta segunda-feira (28), o \u201c15\u00ba Congresso Extraordin\u00e1rio e Exclusivo: 100 anos depois&#8230;A luta continua! Nenhum Direito a Menos\u201d, para debater os seus rumos como maior central sindical da Am\u00e9rica Latina. A data coincide com os 34 anos de funda\u00e7\u00e3o da entidade e lembra o centen\u00e1rio da [&hellip;]<\/p>\n","protected":false},"author":2,"featured_media":2928,"comment_status":"","ping_status":"","sticky":false,"template":"","format":"standard","meta":{"footnotes":""},"categories":[3],"tags":[],"class_list":["post-2929","post","type-post","status-publish","format-standard","has-post-thumbnail","hentry","category-noticias"],"_links":{"self":[{"href":"https:\/\/hostnetart.com.br\/baixada\/wp-json\/wp\/v2\/posts\/2929","targetHints":{"allow":["GET"]}}],"collection":[{"href":"https:\/\/hostnetart.com.br\/baixada\/wp-json\/wp\/v2\/posts"}],"about":[{"href":"https:\/\/hostnetart.com.br\/baixada\/wp-json\/wp\/v2\/types\/post"}],"author":[{"embeddable":true,"href":"https:\/\/hostnetart.com.br\/baixada\/wp-json\/wp\/v2\/users\/2"}],"replies":[{"embeddable":true,"href":"https:\/\/hostnetart.com.br\/baixada\/wp-json\/wp\/v2\/comments?post=2929"}],"version-history":[{"count":0,"href":"https:\/\/hostnetart.com.br\/baixada\/wp-json\/wp\/v2\/posts\/2929\/revisions"}],"wp:featuredmedia":[{"embeddable":true,"href":"https:\/\/hostnetart.com.br\/baixada\/wp-json\/wp\/v2\/media\/2928"}],"wp:attachment":[{"href":"https:\/\/hostnetart.com.br\/baixada\/wp-json\/wp\/v2\/media?parent=2929"}],"wp:term":[{"taxonomy":"category","embeddable":true,"href":"https:\/\/hostnetart.com.br\/baixada\/wp-json\/wp\/v2\/categories?post=2929"},{"taxonomy":"post_tag","embeddable":true,"href":"https:\/\/hostnetart.com.br\/baixada\/wp-json\/wp\/v2\/tags?post=2929"}],"curies":[{"name":"wp","href":"https:\/\/api.w.org\/{rel}","templated":true}]}}