{"id":2927,"date":"2017-08-29T14:01:21","date_gmt":"2017-08-29T17:01:21","guid":{"rendered":"https:\/\/hostnetart.com.br\/baixada\/itau-comanda-a-reestruturacao-do-banco-do-brasil\/"},"modified":"2017-08-29T14:01:21","modified_gmt":"2017-08-29T17:01:21","slug":"itau-comanda-a-reestruturacao-do-banco-do-brasil","status":"publish","type":"post","link":"https:\/\/hostnetart.com.br\/baixada\/itau-comanda-a-reestruturacao-do-banco-do-brasil\/","title":{"rendered":"Ita\u00fa comanda a \u201creestrutura\u00e7\u00e3o\u201d do Banco do Brasil"},"content":{"rendered":"<p>O Sindicato dos Banc\u00e1rios do Rio de Janeiro informa, em texto publicado em seu site, que o Banco Ita\u00fa est\u00e1 preparando a privatiza\u00e7\u00e3o do Banco do Brasil, de acordo com seus pr\u00f3prios interesses.<\/p>\n<p>Segundo o Seeb\/Rio de Janeiro, em 2016 os servi\u00e7os da Falconi Consultores de Resultados foram contratados por \u201cnot\u00f3rio saber\u201d, sem licita\u00e7\u00e3o, com a finalidade de provocar o \u201cdesmonte do BB\u201d, chamado oficialmente de \u201creestrutura\u00e7\u00e3o\u201d.<\/p>\n<p>\u201cO trabalho desta empresa \u00e9 enxugar a estrutura do banco p\u00fablico, preparando-o para a privatiza\u00e7\u00e3o, pol\u00edtica do governo Fernando Henrique Cardoso, retomada pelo seu aliado, Michel Temer. Entre os membros do Conselho de Administra\u00e7\u00e3o da Consultoria Falconi est\u00e1 Pedro Moreira Salles, \u00e0 \u00e9poca da contrata\u00e7\u00e3o Presidente do Conselho de Administra\u00e7\u00e3o da holding Ita\u00fa Unibanco, atualmente Presidente do Conselho Diretor da Federa\u00e7\u00e3o Brasileira dos Bancos (Febraban)\u201d, informa o texto.<\/p>\n<p>Para o sindicato, h\u00e1, no m\u00ednimo, conflito de interesses nos procedimentos de reestrutura\u00e7\u00e3o do Banco do Brasil, que, na primeira fase levou a mais de 9,4 mil extin\u00e7\u00f5es de postos de trabalho e dr\u00e1stica redu\u00e7\u00e3o na remunera\u00e7\u00e3o de cerca de 4 mil funcion\u00e1rios.<\/p>\n<p>O sindicato informa, ainda, que a \u201cmesma consultoria est\u00e1 fazendo o mapeamento dentro da Diretoria de Tecnologia do banco, um setor altamente estrat\u00e9gico a cujas informa\u00e7\u00f5es o setor privado est\u00e1 tendo acesso\u201d.<\/p>\n<p>Leia o texto completo no site do Sindicato dos Banc\u00e1rios do Rio de Janeiro.<\/p>\n<p><strong>Fonte: Contraf-CUT<\/strong><\/p>\n","protected":false},"excerpt":{"rendered":"<p>O Sindicato dos Banc\u00e1rios do Rio de Janeiro informa, em texto publicado em seu site, que o Banco Ita\u00fa est\u00e1 preparando a privatiza\u00e7\u00e3o do Banco do Brasil, de acordo com seus pr\u00f3prios interesses. Segundo o Seeb\/Rio de Janeiro, em 2016 os servi\u00e7os da Falconi Consultores de Resultados foram contratados por \u201cnot\u00f3rio saber\u201d, sem licita\u00e7\u00e3o, com [&hellip;]<\/p>\n","protected":false},"author":2,"featured_media":2926,"comment_status":"","ping_status":"","sticky":false,"template":"","format":"standard","meta":{"footnotes":""},"categories":[3],"tags":[],"class_list":["post-2927","post","type-post","status-publish","format-standard","has-post-thumbnail","hentry","category-noticias"],"_links":{"self":[{"href":"https:\/\/hostnetart.com.br\/baixada\/wp-json\/wp\/v2\/posts\/2927","targetHints":{"allow":["GET"]}}],"collection":[{"href":"https:\/\/hostnetart.com.br\/baixada\/wp-json\/wp\/v2\/posts"}],"about":[{"href":"https:\/\/hostnetart.com.br\/baixada\/wp-json\/wp\/v2\/types\/post"}],"author":[{"embeddable":true,"href":"https:\/\/hostnetart.com.br\/baixada\/wp-json\/wp\/v2\/users\/2"}],"replies":[{"embeddable":true,"href":"https:\/\/hostnetart.com.br\/baixada\/wp-json\/wp\/v2\/comments?post=2927"}],"version-history":[{"count":0,"href":"https:\/\/hostnetart.com.br\/baixada\/wp-json\/wp\/v2\/posts\/2927\/revisions"}],"wp:featuredmedia":[{"embeddable":true,"href":"https:\/\/hostnetart.com.br\/baixada\/wp-json\/wp\/v2\/media\/2926"}],"wp:attachment":[{"href":"https:\/\/hostnetart.com.br\/baixada\/wp-json\/wp\/v2\/media?parent=2927"}],"wp:term":[{"taxonomy":"category","embeddable":true,"href":"https:\/\/hostnetart.com.br\/baixada\/wp-json\/wp\/v2\/categories?post=2927"},{"taxonomy":"post_tag","embeddable":true,"href":"https:\/\/hostnetart.com.br\/baixada\/wp-json\/wp\/v2\/tags?post=2927"}],"curies":[{"name":"wp","href":"https:\/\/api.w.org\/{rel}","templated":true}]}}